{"id":125430,"date":"2024-10-16T22:06:05","date_gmt":"2024-10-17T03:06:05","guid":{"rendered":"https:\/\/diariodigitalmx.com\/?p=125430"},"modified":"2024-10-16T22:11:00","modified_gmt":"2024-10-17T03:11:00","slug":"piden-fortalecer-medidas-de-seguridad-en-los-centros-estatales-de-convivencia-familiar","status":"publish","type":"post","link":"https:\/\/diariodigitalmx.com\/index.php\/2024\/10\/16\/piden-fortalecer-medidas-de-seguridad-en-los-centros-estatales-de-convivencia-familiar\/","title":{"rendered":"Piden fortalecer medidas de seguridad en los Centros Estatales de Convivencia Familiar"},"content":{"rendered":"\n<p>Por unanimidad, el Congreso local aprob\u00f3 un exhorto para que el Consejo de la Judicatura del Poder Judicial fortalezca e implemente medidas de seguridad en los Centros Estatales de Convivencia Familiar en el Estado.<\/p>\n\n\n\n<p>El punto de acuerdo fue presentado por la Diputada de Movimiento Ciudadano, Sandra P\u00e1manes, quien se\u00f1al\u00f3 que a pesar de que en la entidad hay tres unidades de convivencia, se han dado&nbsp; casos espec\u00edficos de violencia.&nbsp;<\/p>\n\n\n\n<p>La legisladora explic\u00f3 que hay casos donde la disputa legal de las familias se traslada a violencia f\u00edsica y emocional en contra de los menores, donde se puede romper el r\u00e9gimen de convivencia y en su caso, hasta son sustra\u00eddos de las unidades.<\/p>\n\n\n\n<p>&#8220;Es urgente atender este tema nuestras ni\u00f1as, ni\u00f1os y adolescentes&#8221;, exhort\u00f3, &#8220;son los primeros que reciben este tipo de agresi\u00f3n y de violencia y no es posible que un centro que supuestamente est\u00e1 creado para cumplir esta funci\u00f3n de salvaguardar sus derechos no est\u00e9 cumpliendo con esta funci\u00f3n.<\/p>\n\n\n\n<p>&#8220;Hemos se\u00f1alado y hemos dicho la violencia se oculta, si estos centros de convivencia tambi\u00e9n se dedican a ocultar esta violencia, entonces d\u00edganme en manos de qui\u00e9n pondremos a nuestra ni\u00f1ez&#8221;.<\/p>\n\n\n\n<p>Adem\u00e1s de fortalecer las medidas de seguridad en los Centros Estatales de Convivencia Familiar, tambi\u00e9n se solicita que el Consejo de la Judicatura informe al Congreso local cu\u00e1ntos asuntos cuenta con materia familiar, y cu\u00e1l es la capacitaci\u00f3n que brinda al personal en las unidades, as\u00ed como a las personas juzgadoras en materia familiar.<\/p>\n\n\n\n<p>En el punto de acuerdo se solicita las inversiones realizadas a las instalaciones desde su creaci\u00f3n para que las personas puedan llevar sus procesos en sanas condiciones y apego a sus derechos humanos y constitucionales.<\/p>\n","protected":false},"excerpt":{"rendered":"<p>Por unanimidad, el Congreso local aprob\u00f3 un exhorto para que el Consejo de la Judicatura del Poder Judicial fortalezca e implemente medidas de seguridad en los Centros Estatales de Convivencia Familiar en el Estado. El punto de acuerdo fue presentado por la Diputada de Movimiento Ciudadano, Sandra P\u00e1manes, quien se\u00f1al\u00f3 que a pesar de que [&hellip;]<\/p>\n","protected":false},"author":1,"featured_media":125437,"comment_status":"open","ping_status":"open","sticky":true,"template":"","format":"standard","meta":{"footnotes":""},"categories":[14,6],"tags":[],"_links":{"self":[{"href":"https:\/\/diariodigitalmx.com\/index.php\/wp-json\/wp\/v2\/posts\/125430"}],"collection":[{"href":"https:\/\/diariodigitalmx.com\/index.php\/wp-json\/wp\/v2\/posts"}],"about":[{"href":"https:\/\/diariodigitalmx.com\/index.php\/wp-json\/wp\/v2\/types\/post"}],"author":[{"embeddable":true,"href":"https:\/\/diariodigitalmx.com\/index.php\/wp-json\/wp\/v2\/users\/1"}],"replies":[{"embeddable":true,"href":"https:\/\/diariodigitalmx.com\/index.php\/wp-json\/wp\/v2\/comments?post=125430"}],"version-history":[{"count":1,"href":"https:\/\/diariodigitalmx.com\/index.php\/wp-json\/wp\/v2\/posts\/125430\/revisions"}],"predecessor-version":[{"id":125431,"href":"https:\/\/diariodigitalmx.com\/index.php\/wp-json\/wp\/v2\/posts\/125430\/revisions\/125431"}],"wp:featuredmedia":[{"embeddable":true,"href":"https:\/\/diariodigitalmx.com\/index.php\/wp-json\/wp\/v2\/media\/125437"}],"wp:attachment":[{"href":"https:\/\/diariodigitalmx.com\/index.php\/wp-json\/wp\/v2\/media?parent=125430"}],"wp:term":[{"taxonomy":"category","embeddable":true,"href":"https:\/\/diariodigitalmx.com\/index.php\/wp-json\/wp\/v2\/categories?post=125430"},{"taxonomy":"post_tag","embeddable":true,"href":"https:\/\/diariodigitalmx.com\/index.php\/wp-json\/wp\/v2\/tags?post=125430"}],"curies":[{"name":"wp","href":"https:\/\/api.w.org\/{rel}","templated":true}]}}