{"id":125434,"date":"2024-10-16T22:08:18","date_gmt":"2024-10-17T03:08:18","guid":{"rendered":"https:\/\/diariodigitalmx.com\/?p=125434"},"modified":"2024-10-16T22:15:29","modified_gmt":"2024-10-17T03:15:29","slug":"inicia-vacunacion-para-prevenir-influenza-en-guadalupe","status":"publish","type":"post","link":"https:\/\/diariodigitalmx.com\/index.php\/2024\/10\/16\/inicia-vacunacion-para-prevenir-influenza-en-guadalupe\/","title":{"rendered":"Inicia vacunaci\u00f3n para prevenir Influenza en Guadalupe"},"content":{"rendered":"\n<p>La vacunaci\u00f3n contra la influenza estacional arranc\u00f3 en Guadalupe con la aplicaci\u00f3n de dosis a ni\u00f1os de la Estancia Infantil Valle Hermoso.<\/p>\n\n\n\n<p>En la campa\u00f1a de vacunaci\u00f3n 2024-2025 se dar\u00e1 prioridad a ni\u00f1os de 6 meses en adelante, embarazadas y adultos mayores, se\u00f1al\u00f3 la Secretaria de Salud municipal, Silvia M\u00fazquiz.<\/p>\n\n\n\n<figure class=\"wp-block-image size-large\"><img loading=\"lazy\" decoding=\"async\" width=\"1024\" height=\"682\" src=\"https:\/\/diariodigitalmx.com\/wp-content\/uploads\/2024\/10\/IMG-20241016-WA0101-1024x682.jpg\" alt=\"\" class=\"wp-image-125439\" srcset=\"https:\/\/diariodigitalmx.com\/wp-content\/uploads\/2024\/10\/IMG-20241016-WA0101-1024x682.jpg 1024w, https:\/\/diariodigitalmx.com\/wp-content\/uploads\/2024\/10\/IMG-20241016-WA0101-300x200.jpg 300w, https:\/\/diariodigitalmx.com\/wp-content\/uploads\/2024\/10\/IMG-20241016-WA0101-768x512.jpg 768w, https:\/\/diariodigitalmx.com\/wp-content\/uploads\/2024\/10\/IMG-20241016-WA0101.jpg 1280w\" sizes=\"(max-width: 1024px) 100vw, 1024px\" \/><\/figure>\n\n\n\n<p>\u201cLo m\u00e1s valioso para nosotros es la gente de Guadalupe, prioritariamente los ni\u00f1os y adultos mayores para prevenir esta enfermedad de transmisi\u00f3n viral\u201d, coment\u00f3 el Alcalde H\u00e9ctor Garc\u00eda.<\/p>\n\n\n\n<p>Acompa\u00f1ado de su esposa y Presidenta del DIF municipal, Blanca Trevi\u00f1o destac\u00f3 la importancia de cuidar la salud de la poblaci\u00f3n.<\/p>\n\n\n\n<p>La vacuna est\u00e1 disponible en los Centros de Salud del estado, as\u00ed como en Cl\u00ednicas del IMSS y del ISSSTE, para que la poblaci\u00f3n acuda a los sitios m\u00e1s cercanos, de octubre a marzo.<\/p>\n","protected":false},"excerpt":{"rendered":"<p>La vacunaci\u00f3n contra la influenza estacional arranc\u00f3 en Guadalupe con la aplicaci\u00f3n de dosis a ni\u00f1os de la Estancia Infantil Valle Hermoso. En la campa\u00f1a de vacunaci\u00f3n 2024-2025 se dar\u00e1 prioridad a ni\u00f1os de 6 meses en adelante, embarazadas y adultos mayores, se\u00f1al\u00f3 la Secretaria de Salud municipal, Silvia M\u00fazquiz. \u201cLo m\u00e1s valioso para nosotros [&hellip;]<\/p>\n","protected":false},"author":1,"featured_media":125438,"comment_status":"open","ping_status":"open","sticky":true,"template":"","format":"standard","meta":{"footnotes":""},"categories":[14,6],"tags":[],"_links":{"self":[{"href":"https:\/\/diariodigitalmx.com\/index.php\/wp-json\/wp\/v2\/posts\/125434"}],"collection":[{"href":"https:\/\/diariodigitalmx.com\/index.php\/wp-json\/wp\/v2\/posts"}],"about":[{"href":"https:\/\/diariodigitalmx.com\/index.php\/wp-json\/wp\/v2\/types\/post"}],"author":[{"embeddable":true,"href":"https:\/\/diariodigitalmx.com\/index.php\/wp-json\/wp\/v2\/users\/1"}],"replies":[{"embeddable":true,"href":"https:\/\/diariodigitalmx.com\/index.php\/wp-json\/wp\/v2\/comments?post=125434"}],"version-history":[{"count":2,"href":"https:\/\/diariodigitalmx.com\/index.php\/wp-json\/wp\/v2\/posts\/125434\/revisions"}],"predecessor-version":[{"id":125440,"href":"https:\/\/diariodigitalmx.com\/index.php\/wp-json\/wp\/v2\/posts\/125434\/revisions\/125440"}],"wp:featuredmedia":[{"embeddable":true,"href":"https:\/\/diariodigitalmx.com\/index.php\/wp-json\/wp\/v2\/media\/125438"}],"wp:attachment":[{"href":"https:\/\/diariodigitalmx.com\/index.php\/wp-json\/wp\/v2\/media?parent=125434"}],"wp:term":[{"taxonomy":"category","embeddable":true,"href":"https:\/\/diariodigitalmx.com\/index.php\/wp-json\/wp\/v2\/categories?post=125434"},{"taxonomy":"post_tag","embeddable":true,"href":"https:\/\/diariodigitalmx.com\/index.php\/wp-json\/wp\/v2\/tags?post=125434"}],"curies":[{"name":"wp","href":"https:\/\/api.w.org\/{rel}","templated":true}]}}