{"id":125896,"date":"2024-10-26T16:36:41","date_gmt":"2024-10-26T21:36:41","guid":{"rendered":"https:\/\/diariodigitalmx.com\/?p=125896"},"modified":"2024-10-26T16:39:52","modified_gmt":"2024-10-26T21:39:52","slug":"con-trajes-inteligentes-buscan-a-sus-desaparecidos-reciben-familias-del-colectivo-fundenl-indumentaria-y-herramienta-adecuada-para-su-labor-de-campo","status":"publish","type":"post","link":"https:\/\/diariodigitalmx.com\/index.php\/2024\/10\/26\/con-trajes-inteligentes-buscan-a-sus-desaparecidos-reciben-familias-del-colectivo-fundenl-indumentaria-y-herramienta-adecuada-para-su-labor-de-campo\/","title":{"rendered":"Con trajes inteligentes buscan a sus desaparecidos; reciben familias del colectivo FUNDENL indumentaria y herramienta adecuada para su labor de campo"},"content":{"rendered":"\n<figure class=\"wp-block-image size-large\"><img loading=\"lazy\" decoding=\"async\" width=\"768\" height=\"1024\" src=\"https:\/\/diariodigitalmx.com\/wp-content\/uploads\/2024\/10\/IMG-20241026-WA0119-768x1024.jpg\" alt=\"\" class=\"wp-image-125900\" srcset=\"https:\/\/diariodigitalmx.com\/wp-content\/uploads\/2024\/10\/IMG-20241026-WA0119-768x1024.jpg 768w, https:\/\/diariodigitalmx.com\/wp-content\/uploads\/2024\/10\/IMG-20241026-WA0119-225x300.jpg 225w, https:\/\/diariodigitalmx.com\/wp-content\/uploads\/2024\/10\/IMG-20241026-WA0119-1152x1536.jpg 1152w, https:\/\/diariodigitalmx.com\/wp-content\/uploads\/2024\/10\/IMG-20241026-WA0119.jpg 1200w\" sizes=\"(max-width: 768px) 100vw, 768px\" \/><\/figure>\n\n\n\n<p>Monterrey. &#8211;&nbsp; El grupo que integra el colectivo Fuerzas Unidas por Nuestros Desaparecidos en Nuevo Le\u00f3n, (FUNDENL) recibieron un donativo de trajes inteligentes que, les permitir\u00e1n una mayor comodidad en sus actividades de tierra en la b\u00fasqueda de personas desparecidas.<\/p>\n\n\n\n<p>Los trajes que han recibido constan de pantal\u00f3n, playera, camisola, polainas, botas y sombrero, inform\u00f3 Irma Leticia Hidalgo, fundadora del colectivo.<\/p>\n\n\n\n<figure class=\"wp-block-image size-large\"><img loading=\"lazy\" decoding=\"async\" width=\"768\" height=\"1024\" src=\"https:\/\/diariodigitalmx.com\/wp-content\/uploads\/2024\/10\/IMG-20241026-WA0113-768x1024.jpg\" alt=\"\" class=\"wp-image-125903\" srcset=\"https:\/\/diariodigitalmx.com\/wp-content\/uploads\/2024\/10\/IMG-20241026-WA0113-768x1024.jpg 768w, https:\/\/diariodigitalmx.com\/wp-content\/uploads\/2024\/10\/IMG-20241026-WA0113-225x300.jpg 225w, https:\/\/diariodigitalmx.com\/wp-content\/uploads\/2024\/10\/IMG-20241026-WA0113.jpg 960w\" sizes=\"(max-width: 768px) 100vw, 768px\" \/><\/figure>\n\n\n\n<p>Abund\u00f3 que el equipo lo recibieron por parte de Laura Uribe y Sabina Aldana, de la compa\u00f1\u00eda\u00a0<strong>Laboratorio de Artistas Sostenibles<\/strong>, y tambi\u00e9n incluye mochilas con las herramientas necesarias para su actividades de campo.<\/p>\n\n\n\n<figure class=\"wp-block-image size-large\"><img loading=\"lazy\" decoding=\"async\" width=\"768\" height=\"1024\" src=\"https:\/\/diariodigitalmx.com\/wp-content\/uploads\/2024\/10\/IMG-20241026-WA0121-768x1024.jpg\" alt=\"\" class=\"wp-image-125901\" srcset=\"https:\/\/diariodigitalmx.com\/wp-content\/uploads\/2024\/10\/IMG-20241026-WA0121-768x1024.jpg 768w, https:\/\/diariodigitalmx.com\/wp-content\/uploads\/2024\/10\/IMG-20241026-WA0121-225x300.jpg 225w, https:\/\/diariodigitalmx.com\/wp-content\/uploads\/2024\/10\/IMG-20241026-WA0121-1152x1536.jpg 1152w, https:\/\/diariodigitalmx.com\/wp-content\/uploads\/2024\/10\/IMG-20241026-WA0121.jpg 1200w\" sizes=\"(max-width: 768px) 100vw, 768px\" \/><\/figure>\n\n\n\n<p><br><br>Hidalgo explic\u00f3 que Uribe y Aldana, al conocer desde hace a\u00f1os las necesidades de las madres que buscan a sus familiares desaparecidos, les crearon la indumentaria ideal que permitir\u00e1 comodidad y algunas ventajas en el trabajo que realizan.<\/p>\n\n\n\n<p>Destac\u00f3 que fue Aldana dise\u00f1\u00f3 los trajes con telas inteligentes creadas con nuevas tecnolog\u00edas, que entre otros beneficios, los hacen frescos, transpirantes al cuerpo y de mayor comodidad.<\/p>\n\n\n\n<figure class=\"wp-block-gallery has-nested-images columns-default is-cropped wp-block-gallery-1 is-layout-flex wp-block-gallery-is-layout-flex\">\n<figure class=\"wp-block-image size-large\"><img loading=\"lazy\" decoding=\"async\" width=\"768\" height=\"1024\" data-id=\"125906\" src=\"https:\/\/diariodigitalmx.com\/wp-content\/uploads\/2024\/10\/IMG-20241026-WA0092-768x1024.jpg\" alt=\"\" class=\"wp-image-125906\" srcset=\"https:\/\/diariodigitalmx.com\/wp-content\/uploads\/2024\/10\/IMG-20241026-WA0092-768x1024.jpg 768w, https:\/\/diariodigitalmx.com\/wp-content\/uploads\/2024\/10\/IMG-20241026-WA0092-225x300.jpg 225w, https:\/\/diariodigitalmx.com\/wp-content\/uploads\/2024\/10\/IMG-20241026-WA0092.jpg 960w\" sizes=\"(max-width: 768px) 100vw, 768px\" \/><\/figure>\n\n\n\n<figure class=\"wp-block-image size-large\"><img loading=\"lazy\" decoding=\"async\" width=\"1024\" height=\"768\" data-id=\"125907\" src=\"https:\/\/diariodigitalmx.com\/wp-content\/uploads\/2024\/10\/IMG-20241026-WA0091-1024x768.jpg\" alt=\"\" class=\"wp-image-125907\" srcset=\"https:\/\/diariodigitalmx.com\/wp-content\/uploads\/2024\/10\/IMG-20241026-WA0091-1024x768.jpg 1024w, https:\/\/diariodigitalmx.com\/wp-content\/uploads\/2024\/10\/IMG-20241026-WA0091-300x225.jpg 300w, https:\/\/diariodigitalmx.com\/wp-content\/uploads\/2024\/10\/IMG-20241026-WA0091-768x576.jpg 768w, https:\/\/diariodigitalmx.com\/wp-content\/uploads\/2024\/10\/IMG-20241026-WA0091.jpg 1280w\" sizes=\"(max-width: 1024px) 100vw, 1024px\" \/><\/figure>\n\n\n\n<figure class=\"wp-block-image size-large\"><img loading=\"lazy\" decoding=\"async\" width=\"768\" height=\"1024\" data-id=\"125908\" src=\"https:\/\/diariodigitalmx.com\/wp-content\/uploads\/2024\/10\/IMG-20241026-WA0089-768x1024.jpg\" alt=\"\" class=\"wp-image-125908\" srcset=\"https:\/\/diariodigitalmx.com\/wp-content\/uploads\/2024\/10\/IMG-20241026-WA0089-768x1024.jpg 768w, https:\/\/diariodigitalmx.com\/wp-content\/uploads\/2024\/10\/IMG-20241026-WA0089-225x300.jpg 225w, https:\/\/diariodigitalmx.com\/wp-content\/uploads\/2024\/10\/IMG-20241026-WA0089.jpg 960w\" sizes=\"(max-width: 768px) 100vw, 768px\" \/><\/figure>\n<\/figure>\n\n\n\n<p>La elaboraci\u00f3n de los trajes se realiz\u00f3 en Colombia, donde Aldana tiene sus ra\u00edces familiares, en tanto que Uribe coment\u00f3 que dentro de sus diferentes actividades, conocieron colectivos de b\u00fasqueda de varios Estados.<br><\/p>\n\n\n\n<p>Por lo que respecta a las mochilas que han recibido, \u00e9stas est\u00e1n dotadas de pala, varilla, bast\u00f3n de apoyo, machete, impermeable, cantimplora, lonchera, botiqu\u00edn, traje forense y otros art\u00edculos y herramientas.<br><\/p>\n\n\n\n<p>Los trajes y las mochilas con todos los instrumentos se lograron con apoyo de Fundaci\u00f3n Sertull y el Teatro Gorki, de Berl\u00edn, Alemania.<br>Luego de la entrega de los trajes, el grupo se dirigi\u00f3 al municipio de Hidalgo, donde realizaron un rastreo de b\u00fasqueda.<\/p>\n\n\n\n<p>UNA LARGA BUSQUEDA<\/p>\n\n\n\n<p>Roy Rivera Hidalgo, hijo de Irma Leticia Hidalgo, fue secuestrado por hombres armados que portaban chalecos de la Polic\u00eda de Escobedo, quienes irrumpieron en el domicilio de la familia el 11 de enero de 2011; a 13 a\u00f1os de su desaparici\u00f3n forzada, su familia sigue en su b\u00fasqueda.<\/p>\n\n\n\n<p>El joven quien ten\u00eda 18 a\u00f1os de edad cuando sucedieron los hechos, era estudiante de Lenguas Extranjeras de la Facultad de Filosof\u00eda y Letras de la Universidad Aut\u00f3noma de Nuevo Le\u00f3n.<\/p>\n\n\n\n<p>Las investigaciones del d\u00eda de los hechos se\u00f1alan que Roy Rivera estaba en su vivienda ubicada en la colonia Fresnos del Lago, en el municipio de San Nicol\u00e1s de los Garza, junto a su mam\u00e1 cuando los hombres armados con chalecos de la Polic\u00eda de Escobedo irrumpieron en el domicilio y se lo llevaron.<\/p>\n\n\n\n<p>Desde entonces, la se\u00f1ora Hidalgo fundadora de FUNDENL, ha sostenido junto a otros colectivos y familias, una larga b\u00fasqueda de sus desaparecidos.<\/p>\n\n\n\n<p>Por otro lado, datos de la Comisi\u00f3n Nacional de B\u00fasqueda arrojaron que en el a\u00f1o 2023 las desapariciones crecieron en un 44 por ciento, es decir, una cifra r\u00e9cord de 872 casos a comparaci\u00f3n del a\u00f1o 2022, donde el n\u00famero reportado fue de 604 casos, superando as\u00ed, las 751 desapariciones registradas durante el 2010, que fue el punto m\u00e1s cr\u00edtico de inseguridad en el estado.&nbsp;<\/p>\n\n\n\n<p>Se estima que durante el 2023 se report\u00f3 la desaparici\u00f3n de 242 mujeres, donde un 34 por ciento de ese total son menores de edad; mientras que 630 hombres fueron reportados como desaparecidos y un 9 por ciento son menores de edad; por lo cual, los municipios con m\u00e1s casos fueron Monterrey, Guadalupe, Escobedo, Apodaca, Salinas Victoria y Ci\u00e9nega de Flores.&nbsp;<\/p>\n\n\n\n<p>Asimismo, en lo que va del 2024 Nuevo Le\u00f3n ha registrado m\u00e1s de 120 desapariciones, ocupando el quinto lugar nacional, solo por debajo del Estado de M\u00e9xico y la Ciudad de M\u00e9xico.<\/p>\n\n\n\n<p>Sin embargo, la organizaci\u00f3n Ciudadanos en Apoyo a los Derechos Humanos (CADHAC) tiene cifras que se\u00f1alan que en poco m\u00e1s de una d\u00e9cada han desaparecido en Nuevo Le\u00f3n m\u00e1s de seis mil personas.<\/p>\n","protected":false},"excerpt":{"rendered":"<p>Monterrey. &#8211;&nbsp; El grupo que integra el colectivo Fuerzas Unidas por Nuestros Desaparecidos en Nuevo Le\u00f3n, (FUNDENL) recibieron un donativo de trajes inteligentes que, les permitir\u00e1n una mayor comodidad en sus actividades de tierra en la b\u00fasqueda de personas desparecidas. Los trajes que han recibido constan de pantal\u00f3n, playera, camisola, polainas, botas y sombrero, inform\u00f3 [&hellip;]<\/p>\n","protected":false},"author":1,"featured_media":125898,"comment_status":"open","ping_status":"open","sticky":true,"template":"","format":"standard","meta":{"footnotes":""},"categories":[6,3],"tags":[],"_links":{"self":[{"href":"https:\/\/diariodigitalmx.com\/index.php\/wp-json\/wp\/v2\/posts\/125896"}],"collection":[{"href":"https:\/\/diariodigitalmx.com\/index.php\/wp-json\/wp\/v2\/posts"}],"about":[{"href":"https:\/\/diariodigitalmx.com\/index.php\/wp-json\/wp\/v2\/types\/post"}],"author":[{"embeddable":true,"href":"https:\/\/diariodigitalmx.com\/index.php\/wp-json\/wp\/v2\/users\/1"}],"replies":[{"embeddable":true,"href":"https:\/\/diariodigitalmx.com\/index.php\/wp-json\/wp\/v2\/comments?post=125896"}],"version-history":[{"count":4,"href":"https:\/\/diariodigitalmx.com\/index.php\/wp-json\/wp\/v2\/posts\/125896\/revisions"}],"predecessor-version":[{"id":125909,"href":"https:\/\/diariodigitalmx.com\/index.php\/wp-json\/wp\/v2\/posts\/125896\/revisions\/125909"}],"wp:featuredmedia":[{"embeddable":true,"href":"https:\/\/diariodigitalmx.com\/index.php\/wp-json\/wp\/v2\/media\/125898"}],"wp:attachment":[{"href":"https:\/\/diariodigitalmx.com\/index.php\/wp-json\/wp\/v2\/media?parent=125896"}],"wp:term":[{"taxonomy":"category","embeddable":true,"href":"https:\/\/diariodigitalmx.com\/index.php\/wp-json\/wp\/v2\/categories?post=125896"},{"taxonomy":"post_tag","embeddable":true,"href":"https:\/\/diariodigitalmx.com\/index.php\/wp-json\/wp\/v2\/tags?post=125896"}],"curies":[{"name":"wp","href":"https:\/\/api.w.org\/{rel}","templated":true}]}}