{"id":126330,"date":"2024-11-01T23:17:21","date_gmt":"2024-11-02T05:17:21","guid":{"rendered":"https:\/\/diariodigitalmx.com\/?p=126330"},"modified":"2024-11-01T23:19:25","modified_gmt":"2024-11-02T05:19:25","slug":"el-nino-del-violin-ameniza-los-funerales-desde-ultratumba","status":"publish","type":"post","link":"https:\/\/diariodigitalmx.com\/index.php\/2024\/11\/01\/el-nino-del-violin-ameniza-los-funerales-desde-ultratumba\/","title":{"rendered":"\u201cEl Ni\u00f1o del viol\u00edn\u201d, ameniza los funerales desde ultratumba"},"content":{"rendered":"\n<p>Monterrey. &#8211; Los vecinos del pante\u00f3n El Carmen, han escuchado su m\u00fasica, un melodioso sonido que les causa un remanso de paz y a veces tambi\u00e9n tristeza.<\/p>\n\n\n\n<p>Se trata de la leyenda de \u201cEl Ni\u00f1o del Viol\u00edn\u201d, que dicen, sale de su tumba y toca entre las tumbas de este cementerio de 123 a\u00f1os de antig\u00fcedad ubicado al poniente, a unos metros del primer cuadro de la Ciudad de Monterrey.<\/p>\n\n\n\n<p>Gregorio Alan\u00eds Gonz\u00e1lez, nacido en el poblado El Cercado, municipio de Santiago, el 17 de noviembre de 1895, hijo de Ram\u00f3n Alan\u00eds Tamez y de Manuelita Gonz\u00e1lez, muri\u00f3 a los 13 a\u00f1os de edad el 13 de agosto de 1908.<\/p>\n\n\n\n<p>El peque\u00f1o ten\u00eda\u00a0vocaci\u00f3n musical y con maestr\u00eda ejecutaba\u00a0bell\u00edsimas piezas cl\u00e1sicas por lo que su familia decidi\u00f3 comprarle un costoso viol\u00edn \u201cStradivarius\u201d y pronto fue conocido como\u00a0el \u201cNi\u00f1o Virtuoso del Viol\u00edn\u201d.<\/p>\n\n\n\n<figure class=\"wp-block-image size-large\"><img loading=\"lazy\" decoding=\"async\" width=\"1024\" height=\"576\" src=\"https:\/\/diariodigitalmx.com\/wp-content\/uploads\/2024\/11\/nino-2-1024x576.jpg\" alt=\"\" class=\"wp-image-126334\" srcset=\"https:\/\/diariodigitalmx.com\/wp-content\/uploads\/2024\/11\/nino-2-1024x576.jpg 1024w, https:\/\/diariodigitalmx.com\/wp-content\/uploads\/2024\/11\/nino-2-300x169.jpg 300w, https:\/\/diariodigitalmx.com\/wp-content\/uploads\/2024\/11\/nino-2-768x432.jpg 768w, https:\/\/diariodigitalmx.com\/wp-content\/uploads\/2024\/11\/nino-2.jpg 1280w\" sizes=\"(max-width: 1024px) 100vw, 1024px\" \/><\/figure>\n\n\n\n<p>\u201cHay muchas leyendas y relatos en nuestros cementerios. Una de ellas es la de &#8220;El Ni\u00f1o del Viol\u00edn&#8221;, ah\u00ed podemos ver un sepulcro sobre el cual, se erige una escultura de m\u00e1rmol blanco con figura de un adolescente, sosteniendo un viol\u00edn bajo su brazo izquierdo\u201d, dicen los cronistas norestenses.<\/p>\n\n\n\n<p>\u201cLa leyenda se\u00f1ala que&nbsp;muri\u00f3 por una grave enfermedad y desde entonces su esp\u00edritu ronda todas las noches por los pasillos del pante\u00f3n o desde su mausoleo tocando su viol\u00edn entre la 1 y 3 de ma\u00f1ana, para&nbsp;deleite de las otras \u00e1nimas que habitan en este cementerio\u201d, explican.<\/p>\n\n\n\n<p>Historiadores y genealogistas mencionan que el peque\u00f1o Goyo muri\u00f3 de tuberculosis en una de las empresas de sus padres ubicada en el vecino Estado de Coahuila. \u201cEn esos tiempos era dif\u00edcil aceptar esa enfermedad y no se dio a conocer, se dijo que fue su muerte por problemas respiratorios\u201d.<\/p>\n\n\n\n<p>La familia habitaba por la calle Hidalgo, sede de numerosas residencias que habitaban los ricos de entonces, se\u00f1alan.<\/p>\n\n\n\n<figure class=\"wp-block-image size-large\"><img loading=\"lazy\" decoding=\"async\" width=\"1024\" height=\"576\" src=\"https:\/\/diariodigitalmx.com\/wp-content\/uploads\/2024\/11\/3-1024x576.jpg\" alt=\"\" class=\"wp-image-126335\" srcset=\"https:\/\/diariodigitalmx.com\/wp-content\/uploads\/2024\/11\/3-1024x576.jpg 1024w, https:\/\/diariodigitalmx.com\/wp-content\/uploads\/2024\/11\/3-300x169.jpg 300w, https:\/\/diariodigitalmx.com\/wp-content\/uploads\/2024\/11\/3-768x432.jpg 768w, https:\/\/diariodigitalmx.com\/wp-content\/uploads\/2024\/11\/3.jpg 1280w\" sizes=\"(max-width: 1024px) 100vw, 1024px\" \/><\/figure>\n\n\n\n<p>\u201cLos monumentos funerarios tienen la intenci\u00f3n de hacer presente al difunto a trav\u00e9s de esculturas, im\u00e1genes y s\u00edmbolos nos hablan de lo que son y de lo que fueron\u201d.<\/p>\n\n\n\n<p>Solo el cari\u00f1o inmensurable de sus padres&nbsp;para mantener vivo su recuerdo, levantaron \u00e9sta tumba; mientras ellos est\u00e1n en el sepulcro situado a la izquierda. Ah\u00ed est\u00e1 Gregorio junto a quienes le dieron vida y lloraron en la muerte temprana\u201d.<\/p>\n\n\n\n<p>Don Miguel, que tiene setenta a\u00f1os de vivir en los alrededores del cementerio avala la leyenda: \u201cNo es siempre, pero si he escuchado la m\u00fasica de viol\u00edn en las madrugadas\u201d.<\/p>\n\n\n\n<p>\u201cLe digo a mi pap\u00e1 que es el viento, tambi\u00e9n he escuchado la m\u00fasica, pero me resisto a creer que sea un fantasma\u201d, acota su hija Ernestina.&nbsp;<\/p>\n","protected":false},"excerpt":{"rendered":"<p>Monterrey. &#8211; Los vecinos del pante\u00f3n El Carmen, han escuchado su m\u00fasica, un melodioso sonido que les causa un remanso de paz y a veces tambi\u00e9n tristeza. Se trata de la leyenda de \u201cEl Ni\u00f1o del Viol\u00edn\u201d, que dicen, sale de su tumba y toca entre las tumbas de este cementerio de 123 a\u00f1os de [&hellip;]<\/p>\n","protected":false},"author":1,"featured_media":126332,"comment_status":"open","ping_status":"open","sticky":true,"template":"","format":"standard","meta":{"footnotes":""},"categories":[6,3],"tags":[],"_links":{"self":[{"href":"https:\/\/diariodigitalmx.com\/index.php\/wp-json\/wp\/v2\/posts\/126330"}],"collection":[{"href":"https:\/\/diariodigitalmx.com\/index.php\/wp-json\/wp\/v2\/posts"}],"about":[{"href":"https:\/\/diariodigitalmx.com\/index.php\/wp-json\/wp\/v2\/types\/post"}],"author":[{"embeddable":true,"href":"https:\/\/diariodigitalmx.com\/index.php\/wp-json\/wp\/v2\/users\/1"}],"replies":[{"embeddable":true,"href":"https:\/\/diariodigitalmx.com\/index.php\/wp-json\/wp\/v2\/comments?post=126330"}],"version-history":[{"count":2,"href":"https:\/\/diariodigitalmx.com\/index.php\/wp-json\/wp\/v2\/posts\/126330\/revisions"}],"predecessor-version":[{"id":126336,"href":"https:\/\/diariodigitalmx.com\/index.php\/wp-json\/wp\/v2\/posts\/126330\/revisions\/126336"}],"wp:featuredmedia":[{"embeddable":true,"href":"https:\/\/diariodigitalmx.com\/index.php\/wp-json\/wp\/v2\/media\/126332"}],"wp:attachment":[{"href":"https:\/\/diariodigitalmx.com\/index.php\/wp-json\/wp\/v2\/media?parent=126330"}],"wp:term":[{"taxonomy":"category","embeddable":true,"href":"https:\/\/diariodigitalmx.com\/index.php\/wp-json\/wp\/v2\/categories?post=126330"},{"taxonomy":"post_tag","embeddable":true,"href":"https:\/\/diariodigitalmx.com\/index.php\/wp-json\/wp\/v2\/tags?post=126330"}],"curies":[{"name":"wp","href":"https:\/\/api.w.org\/{rel}","templated":true}]}}