{"id":126359,"date":"2024-11-02T18:36:15","date_gmt":"2024-11-03T00:36:15","guid":{"rendered":"https:\/\/diariodigitalmx.com\/?p=126359"},"modified":"2024-11-02T18:53:45","modified_gmt":"2024-11-03T00:53:45","slug":"inician-reconstruccion-de-pavimentos-en-avenidas-de-guadalupe","status":"publish","type":"post","link":"https:\/\/diariodigitalmx.com\/index.php\/2024\/11\/02\/inician-reconstruccion-de-pavimentos-en-avenidas-de-guadalupe\/","title":{"rendered":"Inician reconstrucci\u00f3n de pavimentos en avenidas de Guadalupe"},"content":{"rendered":"\n<p>El Gobierno de Guadalupe arranc\u00f3 la rehabilitaci\u00f3n integral de pavimentos en avenidas principales, con material que permitir\u00e1 tener mayor durabilidad de las vialidades.<\/p>\n\n\n\n<p>Los trabajos se efectuar\u00e1n en horario nocturno preferentemente e iniciar\u00e1n este domingo en avenida Eloy Cavazos en un primer tramo de 270 metros lineales, que van de la avenida L\u00e1zaro C\u00e1rdenas hasta la calle Miguel Hidalgo y concluir\u00e1n el 15 de diciembre.<\/p>\n\n\n\n<p>Para la reconstrucci\u00f3n estructural, se utilizar\u00e1 concreto hidr\u00e1ulico con granito en el sentido poniente a oriente, mientras que en el sentido oriente poniente ser\u00e1 con carpeta asf\u00e1ltica.<\/p>\n\n\n\n<figure class=\"wp-block-image size-large\"><img loading=\"lazy\" decoding=\"async\" width=\"1024\" height=\"682\" src=\"https:\/\/diariodigitalmx.com\/wp-content\/uploads\/2024\/11\/IMG-20241102-WA0078-1024x682.jpg\" alt=\"\" class=\"wp-image-126370\" srcset=\"https:\/\/diariodigitalmx.com\/wp-content\/uploads\/2024\/11\/IMG-20241102-WA0078-1024x682.jpg 1024w, https:\/\/diariodigitalmx.com\/wp-content\/uploads\/2024\/11\/IMG-20241102-WA0078-300x200.jpg 300w, https:\/\/diariodigitalmx.com\/wp-content\/uploads\/2024\/11\/IMG-20241102-WA0078-768x512.jpg 768w, https:\/\/diariodigitalmx.com\/wp-content\/uploads\/2024\/11\/IMG-20241102-WA0078-1536x1023.jpg 1536w, https:\/\/diariodigitalmx.com\/wp-content\/uploads\/2024\/11\/IMG-20241102-WA0078.jpg 1600w\" sizes=\"(max-width: 1024px) 100vw, 1024px\" \/><\/figure>\n\n\n\n<p>El plus en los trabajos ser\u00e1 el granito, material que permitir\u00e1 al menos 15 a\u00f1os de vida \u00fatil del nuevo pavimento, destac\u00f3 el Director General de Obras P\u00fablicas, Cipriano Torres.<\/p>\n\n\n\n<p>\u201cEl granito es un agregado al concreto hidr\u00e1ulico, que aguanta mayor fricci\u00f3n por el paso de veh\u00edculos, tomando en cuenta tambi\u00e9n la bajada de agua del Cerro de la Silla cada vez que se registran lluvias fuertes, que genera encharcamientos y afectaciones al pavimento\u201d.<\/p>\n\n\n\n<p>Inmediatamente despu\u00e9s de concluir la primera etapa de Eloy Cavazos se proceder\u00e1 con el siguiente tramo hasta la avenida 13 de Mayo y as\u00ed hasta llegar al cruce con Israel Cavazos.<\/p>\n\n\n\n<p>A fin de afectar lo menos posible se implementar\u00e1 un contraflujo en la circulaci\u00f3n poniente a oriente de las 4:30 a 7:30 de la tarde, adem\u00e1s de no cerrar por completo la vialidad dejando un carril h\u00e1bil.<\/p>\n\n\n\n<p>Las alternativas para los automovilistas que vienen del poniente es dar vuelta a la izquierda por L\u00e1zaro C\u00e1rdenas y continuar por Pablo Livas, los que deseen retomar Eloy Cavazos pueden subir por Camino Real para evitar la zona de obra.<\/p>\n\n\n\n<p>Adicionalmente, la Direcci\u00f3n de Ingenier\u00eda Vial prepara un operativo permanente para agilizar el flujo en Pablo Livas, tomando en cuenta la carga vehicular que se genere en la zona.<\/p>\n\n\n\n<p>El resto de avenidas principales a reconstruir ser\u00e1n: Benito Ju\u00e1rez, Israel Cavazos y Guadalajara, en tramos espec\u00edficos que requieren atenci\u00f3n inmediata.<\/p>\n","protected":false},"excerpt":{"rendered":"<p>El Gobierno de Guadalupe arranc\u00f3 la rehabilitaci\u00f3n integral de pavimentos en avenidas principales, con material que permitir\u00e1 tener mayor durabilidad de las vialidades. Los trabajos se efectuar\u00e1n en horario nocturno preferentemente e iniciar\u00e1n este domingo en avenida Eloy Cavazos en un primer tramo de 270 metros lineales, que van de la avenida L\u00e1zaro C\u00e1rdenas hasta [&hellip;]<\/p>\n","protected":false},"author":1,"featured_media":126369,"comment_status":"open","ping_status":"open","sticky":true,"template":"","format":"standard","meta":{"footnotes":""},"categories":[14,6],"tags":[],"_links":{"self":[{"href":"https:\/\/diariodigitalmx.com\/index.php\/wp-json\/wp\/v2\/posts\/126359"}],"collection":[{"href":"https:\/\/diariodigitalmx.com\/index.php\/wp-json\/wp\/v2\/posts"}],"about":[{"href":"https:\/\/diariodigitalmx.com\/index.php\/wp-json\/wp\/v2\/types\/post"}],"author":[{"embeddable":true,"href":"https:\/\/diariodigitalmx.com\/index.php\/wp-json\/wp\/v2\/users\/1"}],"replies":[{"embeddable":true,"href":"https:\/\/diariodigitalmx.com\/index.php\/wp-json\/wp\/v2\/comments?post=126359"}],"version-history":[{"count":2,"href":"https:\/\/diariodigitalmx.com\/index.php\/wp-json\/wp\/v2\/posts\/126359\/revisions"}],"predecessor-version":[{"id":126371,"href":"https:\/\/diariodigitalmx.com\/index.php\/wp-json\/wp\/v2\/posts\/126359\/revisions\/126371"}],"wp:featuredmedia":[{"embeddable":true,"href":"https:\/\/diariodigitalmx.com\/index.php\/wp-json\/wp\/v2\/media\/126369"}],"wp:attachment":[{"href":"https:\/\/diariodigitalmx.com\/index.php\/wp-json\/wp\/v2\/media?parent=126359"}],"wp:term":[{"taxonomy":"category","embeddable":true,"href":"https:\/\/diariodigitalmx.com\/index.php\/wp-json\/wp\/v2\/categories?post=126359"},{"taxonomy":"post_tag","embeddable":true,"href":"https:\/\/diariodigitalmx.com\/index.php\/wp-json\/wp\/v2\/tags?post=126359"}],"curies":[{"name":"wp","href":"https:\/\/api.w.org\/{rel}","templated":true}]}}