{"id":126587,"date":"2024-11-06T08:55:02","date_gmt":"2024-11-06T14:55:02","guid":{"rendered":"https:\/\/diariodigitalmx.com\/?p=126587"},"modified":"2024-11-06T08:57:34","modified_gmt":"2024-11-06T14:57:34","slug":"estoy-viviendo-el-mejor-momento-de-mi-vida","status":"publish","type":"post","link":"https:\/\/diariodigitalmx.com\/index.php\/2024\/11\/06\/estoy-viviendo-el-mejor-momento-de-mi-vida\/","title":{"rendered":"Estoy viviendo el mejor momento de mi vida"},"content":{"rendered":"\n<p>Clara Villarreal<\/p>\n\n\n\n<p> \u201cEn cada contraste de la vida, hay una lecci\u00f3n por descubrir.\u201d. A veces, nos olvidamos de que este instante, aqu\u00ed y ahora, es \u00fanico, y eso hace que el presente tenga un valor incalculable. Me he dado cuenta de que vivir implica ser capaz de sonre\u00edr y llorar, de sentir felicidad en medio de la p\u00e9rdida y de entender que cada d\u00eda trae consigo algo irrepetible. <\/p>\n\n\n\n<p>El mi\u00e9rcoles pasado, el 30 de octubre, mi t\u00eda Mayra, hermana de mi mam\u00e1, parti\u00f3 de este mundo. Fue un golpe profundo para toda mi familia, y especialmente para mi madre y sus hermanas. Nos reunimos en esos momentos dif\u00edciles, donde las palabras a veces no alcanzan para expresar la ausencia, y nos encontramos en ese silencio compartido que acompa\u00f1a el duelo. Sin embargo, tambi\u00e9n fue una semana en la que, para mi programa de radio, me disfrac\u00e9 d\u00eda tras d\u00eda en el marco de las fiestas Halloween y D\u00eda de Muertos. <\/p>\n\n\n\n<p>Cada uno de esos personajes trajo consigo risas, diversi\u00f3n y un compromiso con mi audiencia que nunca se debilita, ni siquiera en las circunstancias m\u00e1s dolorosas. Ese mi\u00e9rcoles, despu\u00e9s de salir del programa, a\u00fan con la voz ronca de tanto hablar y re\u00edr con mis radioescuchas, fui a despedirme de mi t\u00eda en su lecho de muerte. Llegu\u00e9 vestida de Aunt Jemima, la negrita de los Hot cakes, con un atuendo que seguramente nadie esperaba en un momento tan solemne. <\/p>\n\n\n\n<p>Mi ahijada Jessica y nieta de mi t\u00eda Mayra, me mir\u00f3 con una mezcla de ternura y confusi\u00f3n y me dijo: &#8220;Nada m\u00e1s t\u00fa, t\u00eda, pudiste venir vestida as\u00ed.&#8221; Y esa frase, en medio de la tristeza, me hizo sonre\u00edr. Porque s\u00ed, la vida tiene muchas aristas: risa, llanto, tristeza, pero, sobre todo, una dualidad que nos hace humanos. Estoy segura que si mi t\u00eda me hubiera visto vestida de Aunt Jemima, habr\u00eda re\u00eddo sin parar; siempre fue mi fan incondicional, aplaudiendo todos mis \u00e9xitos desde la primera fila&#8230; pero esta vez llegu\u00e9 tarde. <\/p>\n\n\n\n<p>Es curioso c\u00f3mo los momentos de dolor se entrelazan con aquellos de alegr\u00eda. Vivimos en una constante contradicci\u00f3n que da sentido a lo que somos y hacemos. Mi t\u00eda Mayra siempre supo que la vida es as\u00ed de impredecible y llena de sorpresas. En sus \u00faltimos d\u00edas, me ense\u00f1\u00f3 que a veces no se trata de esperar el tiempo perfecto para actuar o para sentir, sino de ser conscientes de lo que tenemos frente a nosotros. Todo esto me ha hecho reflexionar sobre lo que significa vivir el mejor momento de la vida. <\/p>\n\n\n\n<p>Porque, a menudo, pensamos que el mejor momento est\u00e1 reservado para los d\u00edas en los que todo sale bien, sin obst\u00e1culos ni l\u00e1grimas. Pero, realmente, el mejor momento de mi vida es ahora, con cada risa que comparto al aire, con cada l\u00e1grima que brota de mis ojos, con cada disfraz que me pongo y con cada adi\u00f3s que tengo que decir. Porque s\u00e9 que, un d\u00eda, mirar\u00e9 hacia atr\u00e1s y recordar\u00e9 con gratitud estos d\u00edas tan llenos de contrastes. <\/p>\n\n\n\n<p>El compromiso con mi p\u00fablico no se desvanece, incluso cuando el coraz\u00f3n se siente pesado. La vida nos pide estar presentes, y aunque cuesta, me he dado cuenta de que estoy viviendo el mejor momento de mi vida precisamente porque soy capaz de sentirlo todo. No hay nada m\u00e1s valioso que estar consciente de nuestras emociones y dejar que nos ense\u00f1en a seguir adelante, a construir y a agradecer. <\/p>\n\n\n\n<p>La semana pasada marc\u00f3 un antes y un despu\u00e9s para mi familia, pero tambi\u00e9n me dej\u00f3 una ense\u00f1anza que guardar\u00e9 siempre: no importa cu\u00e1n complicadas o contrastantes sean nuestras vivencias, siempre habr\u00e1 algo por lo que estar agradecidos. Hoy elijo vivir con todo lo que eso conlleva, con el compromiso hacia mi audiencia y hacia los que amo. <\/p>\n\n\n\n<p>Aprecio este momento, tal como es, porque ma\u00f1ana todo ser\u00e1 diferente, y quiz\u00e1 a\u00f1orar\u00e9 el d\u00eda en que pude abrazar a mi madre en su dolor o hacer re\u00edr a mi ahijada mientras vest\u00eda un disfraz rid\u00edculo. As\u00ed es la vida: risa, llanto, tristeza y la certeza de que cada d\u00eda es un regalo. Mi t\u00eda Mayra se fue dej\u00e1ndonos muchas lecciones, y una de ellas es que la vida no siempre espera a que estemos preparados para los cambios. <\/p>\n\n\n\n<p>Lo \u00fanico que podemos hacer es vivir el presente con la mayor intensidad posible y comprometernos con aquello que nos apasiona. Y por eso, hoy, sin lugar a dudas, s\u00e9 que estoy viviendo el mejor momento de mi vida. \u00a1Buen viaje y hasta pronto T\u00eda! X e Instagram: @claravillarreal&nbsp;<a href=\"mailto:contacto@claravillarreal.com\" target=\"_blank\" rel=\"noreferrer noopener\">contacto@claravillarreal.com<\/a><\/p>\n","protected":false},"excerpt":{"rendered":"<p>Clara Villarreal \u201cEn cada contraste de la vida, hay una lecci\u00f3n por descubrir.\u201d. A veces, nos olvidamos de que este instante, aqu\u00ed y ahora, es \u00fanico, y eso hace que el presente tenga un valor incalculable. Me he dado cuenta de que vivir implica ser capaz de sonre\u00edr y llorar, de sentir felicidad en medio [&hellip;]<\/p>\n","protected":false},"author":1,"featured_media":126589,"comment_status":"open","ping_status":"open","sticky":false,"template":"","format":"standard","meta":{"footnotes":""},"categories":[14,12],"tags":[],"_links":{"self":[{"href":"https:\/\/diariodigitalmx.com\/index.php\/wp-json\/wp\/v2\/posts\/126587"}],"collection":[{"href":"https:\/\/diariodigitalmx.com\/index.php\/wp-json\/wp\/v2\/posts"}],"about":[{"href":"https:\/\/diariodigitalmx.com\/index.php\/wp-json\/wp\/v2\/types\/post"}],"author":[{"embeddable":true,"href":"https:\/\/diariodigitalmx.com\/index.php\/wp-json\/wp\/v2\/users\/1"}],"replies":[{"embeddable":true,"href":"https:\/\/diariodigitalmx.com\/index.php\/wp-json\/wp\/v2\/comments?post=126587"}],"version-history":[{"count":2,"href":"https:\/\/diariodigitalmx.com\/index.php\/wp-json\/wp\/v2\/posts\/126587\/revisions"}],"predecessor-version":[{"id":126590,"href":"https:\/\/diariodigitalmx.com\/index.php\/wp-json\/wp\/v2\/posts\/126587\/revisions\/126590"}],"wp:featuredmedia":[{"embeddable":true,"href":"https:\/\/diariodigitalmx.com\/index.php\/wp-json\/wp\/v2\/media\/126589"}],"wp:attachment":[{"href":"https:\/\/diariodigitalmx.com\/index.php\/wp-json\/wp\/v2\/media?parent=126587"}],"wp:term":[{"taxonomy":"category","embeddable":true,"href":"https:\/\/diariodigitalmx.com\/index.php\/wp-json\/wp\/v2\/categories?post=126587"},{"taxonomy":"post_tag","embeddable":true,"href":"https:\/\/diariodigitalmx.com\/index.php\/wp-json\/wp\/v2\/tags?post=126587"}],"curies":[{"name":"wp","href":"https:\/\/api.w.org\/{rel}","templated":true}]}}