{"id":126593,"date":"2024-11-06T19:44:37","date_gmt":"2024-11-07T01:44:37","guid":{"rendered":"https:\/\/diariodigitalmx.com\/?p=126593"},"modified":"2024-11-06T20:12:41","modified_gmt":"2024-11-07T02:12:41","slug":"llaman-a-cuidar-la-salud-urge-festeja-frocnl-72-aniversario-de-lucha-sindical-y-obrera","status":"publish","type":"post","link":"https:\/\/diariodigitalmx.com\/index.php\/2024\/11\/06\/llaman-a-cuidar-la-salud-urge-festeja-frocnl-72-aniversario-de-lucha-sindical-y-obrera\/","title":{"rendered":"Llaman a cuidar la salud, urge; festeja FROCNL 72 aniversario de lucha sindical y obrera"},"content":{"rendered":"\n<p>Con un enfoque a evitar la automedicaci\u00f3n, llevar una vida informada y ponerse en manos de los especialistas, se llev\u00f3 a cabo una Jornada por la Salud en el inicio de los festejos por el 72 aniversario de la CROC en Nuevo Le\u00f3n.<\/p>\n\n\n\n<p>Mujeres y hombres, dirigentes sindicales, comerciantes populares y trabajadores de industria y familias asistieron a los actos donde destac\u00f3 una conferencia sobre la salud a cargo de Zulema Villanueva, licenciada en enfermer\u00eda, presidente del Colegio Mexicano de Profesionales en Esterilizaci\u00f3n, y l\u00edder del grupo de vecinos Vigilantes, en el municipio de San Nicol\u00e1s de los Garza.<\/p>\n\n\n\n<figure class=\"wp-block-image size-large\"><img loading=\"lazy\" decoding=\"async\" width=\"1024\" height=\"853\" src=\"https:\/\/diariodigitalmx.com\/wp-content\/uploads\/2024\/11\/IMG-20241106-WA0221-1024x853.jpg\" alt=\"\" class=\"wp-image-126596\" srcset=\"https:\/\/diariodigitalmx.com\/wp-content\/uploads\/2024\/11\/IMG-20241106-WA0221-1024x853.jpg 1024w, https:\/\/diariodigitalmx.com\/wp-content\/uploads\/2024\/11\/IMG-20241106-WA0221-300x250.jpg 300w, https:\/\/diariodigitalmx.com\/wp-content\/uploads\/2024\/11\/IMG-20241106-WA0221-768x640.jpg 768w, https:\/\/diariodigitalmx.com\/wp-content\/uploads\/2024\/11\/IMG-20241106-WA0221.jpg 1200w\" sizes=\"(max-width: 1024px) 100vw, 1024px\" \/><\/figure>\n\n\n\n<p>Zulema Villanueva felicit\u00f3 al dirigente croquista del Transporte, Osvaldo Serna Serv\u00edn por acercar informaci\u00f3n \u00fatil para los agremiados a la central obrera donde la expositora llam\u00f3 a la gente a no caer en las consejas de terceras personas para tratar de encontrar alivio a probables enfermedades.<\/p>\n\n\n\n<p>La pl\u00e1tica ocurri\u00f3 en el auditorio de Los Fundadores donde la conferencista llev\u00f3 al extremo sus recomendaciones de atenderse a tiempo, pues, inform\u00f3 que ella tuvo la pena de perder a dos familiares por enfermedades terminales. Zulema fue presa de las emociones y, en ese momento, rog\u00f3 a quienes la escuchaban a explorar su cuerpo con frecuencia, sin pena ni tab\u00faes.<\/p>\n\n\n\n<figure class=\"wp-block-gallery has-nested-images columns-default is-cropped wp-block-gallery-1 is-layout-flex wp-block-gallery-is-layout-flex\">\n<figure class=\"wp-block-image size-large\"><img loading=\"lazy\" decoding=\"async\" width=\"720\" height=\"500\" data-id=\"126600\" src=\"https:\/\/diariodigitalmx.com\/wp-content\/uploads\/2024\/11\/Screenshot_20241106_201349_Gallery.jpg\" alt=\"\" class=\"wp-image-126600\" srcset=\"https:\/\/diariodigitalmx.com\/wp-content\/uploads\/2024\/11\/Screenshot_20241106_201349_Gallery.jpg 720w, https:\/\/diariodigitalmx.com\/wp-content\/uploads\/2024\/11\/Screenshot_20241106_201349_Gallery-300x208.jpg 300w\" sizes=\"(max-width: 720px) 100vw, 720px\" \/><\/figure>\n\n\n\n<figure class=\"wp-block-image size-large\"><img loading=\"lazy\" decoding=\"async\" width=\"720\" height=\"465\" data-id=\"126601\" src=\"https:\/\/diariodigitalmx.com\/wp-content\/uploads\/2024\/11\/Screenshot_20241106_201358_Gallery.jpg\" alt=\"\" class=\"wp-image-126601\" srcset=\"https:\/\/diariodigitalmx.com\/wp-content\/uploads\/2024\/11\/Screenshot_20241106_201358_Gallery.jpg 720w, https:\/\/diariodigitalmx.com\/wp-content\/uploads\/2024\/11\/Screenshot_20241106_201358_Gallery-300x194.jpg 300w\" sizes=\"(max-width: 720px) 100vw, 720px\" \/><\/figure>\n<\/figure>\n\n\n\n<p>Si bien la pl\u00e1tica tuvo un manejo sobre los males que aquejan a mujeres, Zulema Villanueva tambi\u00e9n alert\u00f3 a los varones sobre el uso de sustancias que da\u00f1an la salud, por ejemplo, en los casos de quienes practican el fisiculturismo.<\/p>\n\n\n\n<p>Villanueva hizo un amplio repaso a las enfermedades que actualmente azotan a la sociedad lo cual obliga a las personas a buscar la atenci\u00f3n del personal m\u00e9dico en las instituciones de salud al alcance, y enfatiz\u00f3 a que no sean indiferentes al dolor porque pueden ser se\u00f1ales incipientes, tempranas, de probables patolog\u00edas que pueden convertirse en casos de extrema gravedad.<\/p>\n","protected":false},"excerpt":{"rendered":"<p>Con un enfoque a evitar la automedicaci\u00f3n, llevar una vida informada y ponerse en manos de los especialistas, se llev\u00f3 a cabo una Jornada por la Salud en el inicio de los festejos por el 72 aniversario de la CROC en Nuevo Le\u00f3n. Mujeres y hombres, dirigentes sindicales, comerciantes populares y trabajadores de industria y [&hellip;]<\/p>\n","protected":false},"author":1,"featured_media":126595,"comment_status":"open","ping_status":"open","sticky":true,"template":"","format":"standard","meta":{"footnotes":""},"categories":[14,6],"tags":[],"_links":{"self":[{"href":"https:\/\/diariodigitalmx.com\/index.php\/wp-json\/wp\/v2\/posts\/126593"}],"collection":[{"href":"https:\/\/diariodigitalmx.com\/index.php\/wp-json\/wp\/v2\/posts"}],"about":[{"href":"https:\/\/diariodigitalmx.com\/index.php\/wp-json\/wp\/v2\/types\/post"}],"author":[{"embeddable":true,"href":"https:\/\/diariodigitalmx.com\/index.php\/wp-json\/wp\/v2\/users\/1"}],"replies":[{"embeddable":true,"href":"https:\/\/diariodigitalmx.com\/index.php\/wp-json\/wp\/v2\/comments?post=126593"}],"version-history":[{"count":3,"href":"https:\/\/diariodigitalmx.com\/index.php\/wp-json\/wp\/v2\/posts\/126593\/revisions"}],"predecessor-version":[{"id":126602,"href":"https:\/\/diariodigitalmx.com\/index.php\/wp-json\/wp\/v2\/posts\/126593\/revisions\/126602"}],"wp:featuredmedia":[{"embeddable":true,"href":"https:\/\/diariodigitalmx.com\/index.php\/wp-json\/wp\/v2\/media\/126595"}],"wp:attachment":[{"href":"https:\/\/diariodigitalmx.com\/index.php\/wp-json\/wp\/v2\/media?parent=126593"}],"wp:term":[{"taxonomy":"category","embeddable":true,"href":"https:\/\/diariodigitalmx.com\/index.php\/wp-json\/wp\/v2\/categories?post=126593"},{"taxonomy":"post_tag","embeddable":true,"href":"https:\/\/diariodigitalmx.com\/index.php\/wp-json\/wp\/v2\/tags?post=126593"}],"curies":[{"name":"wp","href":"https:\/\/api.w.org\/{rel}","templated":true}]}}