{"id":126683,"date":"2024-11-07T18:40:00","date_gmt":"2024-11-08T00:40:00","guid":{"rendered":"https:\/\/diariodigitalmx.com\/?p=126683"},"modified":"2024-11-07T18:42:40","modified_gmt":"2024-11-08T00:42:40","slug":"presenta-adrian-de-la-garza-plan-de-trabajo-ante-vertebra","status":"publish","type":"post","link":"https:\/\/diariodigitalmx.com\/index.php\/2024\/11\/07\/presenta-adrian-de-la-garza-plan-de-trabajo-ante-vertebra\/","title":{"rendered":"Presenta Adri\u00e1n de la Garza Plan de trabajo ante Vertebra"},"content":{"rendered":"\n<p>*<em>Se enfoca en el tema de seguridad, servicios p\u00fablicos, finanzas e inversi\u00f3n.<\/em><\/p>\n\n\n\n<p>En un encuentro con integrantes de la Asociaci\u00f3n Civil Vertebra, este jueves el alcalde de Monterrey, Adri\u00e1n de la Garza Santos, present\u00f3 su plan de gobierno para el trienio 2024-2027.<\/p>\n\n\n\n<p>Encabezados por Gabriela Saga\u00f3n S\u00e1nchez, Presidenta de Vertebra, los asistentes, entre los que destac\u00f3 el ex gobernador S\u00f3crates Rizzo, legisladores federales y locales pudieron plantear cuestionamientos al edil.<\/p>\n\n\n\n<p>SEGURIDAD<\/p>\n\n\n\n<p>De la Garza prioriz\u00f3 su proyecto de seguridad a trav\u00e9s del programa ESCUDO, y detall\u00f3 c\u00f3mo los servicios p\u00fablicos, el impulso al deporte, la atenci\u00f3n a las juventudes y el apoyo a las mujeres forman parte de la estrategia para combatir los principales delitos, en especial, la violencia de g\u00e9nero.<\/p>\n\n\n\n<figure class=\"wp-block-image size-large\"><img loading=\"lazy\" decoding=\"async\" width=\"1024\" height=\"682\" src=\"https:\/\/diariodigitalmx.com\/wp-content\/uploads\/2024\/11\/VERTEBRA-1-1024x682.jpeg\" alt=\"\" class=\"wp-image-126687\" srcset=\"https:\/\/diariodigitalmx.com\/wp-content\/uploads\/2024\/11\/VERTEBRA-1-1024x682.jpeg 1024w, https:\/\/diariodigitalmx.com\/wp-content\/uploads\/2024\/11\/VERTEBRA-1-300x200.jpeg 300w, https:\/\/diariodigitalmx.com\/wp-content\/uploads\/2024\/11\/VERTEBRA-1-768x512.jpeg 768w, https:\/\/diariodigitalmx.com\/wp-content\/uploads\/2024\/11\/VERTEBRA-1.jpeg 1280w\" sizes=\"(max-width: 1024px) 100vw, 1024px\" \/><\/figure>\n\n\n\n<p>Refrend\u00f3 que retomar\u00e1 el programa \u201cTarjeta Regia\u201d que brinda apoyos econ\u00f3micos y de capacitaci\u00f3n a las jefas de familia en situaci\u00f3n vulnerable, para empoderarlas y evitar que sean v\u00edctimas de maltrato.<\/p>\n\n\n\n<p>Adelant\u00f3 tambi\u00e9n que fortalecer\u00e1 las Unidades de Atenci\u00f3n a V\u00edctimas de Violencia Intrafamilar (UAVVI) para que ofrezcan sus servicios 24\/7.<\/p>\n\n\n\n<p>Sobre la seguridad p\u00fablica, resalt\u00f3 el plan de crear el primer C5 municipal, donde hoy se encuentra el C4, e instalar otro Centro de Comando, Control, Comunicaciones y C\u00f3mputo en la zona sur.<\/p>\n\n\n\n<p>Adem\u00e1s, reforzar\u00e1 el reclutamiento de polic\u00edas y guardias auxiliares y mantendr\u00e1 vigente la colaboraci\u00f3n con Guardia Nacional, el Ej\u00e9rcito y la Polic\u00eda Estatal.<\/p>\n\n\n\n<p>\u201cQue vea la ciudadan\u00eda que estamos trabajando en conjunto, pero adem\u00e1s que podamos recoger informaci\u00f3n para generar inteligencia y estar trabajando de manera m\u00e1s efectiva o m\u00e1s precisa a la hora de poder atacar sobre todo este tipo de delincuencia que a veces, lo que es la trata, tambi\u00e9n es delincuencia organizada\u201d, explic\u00f3.<\/p>\n\n\n\n<figure class=\"wp-block-image size-large\"><img loading=\"lazy\" decoding=\"async\" width=\"1024\" height=\"682\" src=\"https:\/\/diariodigitalmx.com\/wp-content\/uploads\/2024\/11\/VERTEBRA-4-1024x682.jpeg\" alt=\"\" class=\"wp-image-126689\" srcset=\"https:\/\/diariodigitalmx.com\/wp-content\/uploads\/2024\/11\/VERTEBRA-4-1024x682.jpeg 1024w, https:\/\/diariodigitalmx.com\/wp-content\/uploads\/2024\/11\/VERTEBRA-4-300x200.jpeg 300w, https:\/\/diariodigitalmx.com\/wp-content\/uploads\/2024\/11\/VERTEBRA-4-768x512.jpeg 768w, https:\/\/diariodigitalmx.com\/wp-content\/uploads\/2024\/11\/VERTEBRA-4.jpeg 1280w\" sizes=\"(max-width: 1024px) 100vw, 1024px\" \/><\/figure>\n\n\n\n<p>SERVICIOS P\u00daBLICOS<\/p>\n\n\n\n<p>En torno a los servicios p\u00fablicos, adelant\u00f3 que ya se hizo un levantamiento cartogr\u00e1fico de todas las luminarias de Monterrey para evaluar su funcionamiento.<\/p>\n\n\n\n<p>El objetivo es restaurar la eficiencia del alumbrado para llegar a un 97 por ciento de cobertura efectiva.<\/p>\n\n\n\n<p>FINANZAS<\/p>\n\n\n\n<p>En torno al tema de recursos, aplicar\u00e1 de nuevo el proyecto de \u201cFinanzas Sanas\u201d que le permiti\u00f3 en sus anteriores administraciones atender las necesidades de los regiomontanos pese a la deuda y los n\u00fameros rojos con que recibi\u00f3 al municipio.<\/p>\n\n\n\n<p>Adri\u00e1n de la Garza revel\u00f3 que en la reducci\u00f3n de aportaciones que reciben las ciudades por parte de la Federaci\u00f3n y que reparte el Estado se han afectado a todos los municipios.<\/p>\n\n\n\n<p>Tan s\u00f3lo en octubre, Monterrey dej\u00f3 de recibir un aproximado de 110 millones de pesos.<\/p>\n\n\n\n<p>\u201cEstamos ciegos, cuando digo ciegos es que no tenemos informaci\u00f3n, solamente tenemos los dep\u00f3sitos, pero no nos dicen a qu\u00e9 corresponde, los oficios que tiene que haber para poder hacer la compulsa de lo que es el informe financiero.<\/p>\n\n\n\n<p>\u201cEntonces s\u00ed es importante y prioritario tener una reuni\u00f3n para que nos puedan dar la informaci\u00f3n, que es nuestro derecho porque al final de cuentas no es recurso estatal, es recurso de la federaci\u00f3n que le corresponde a los municipios, a la gente de los municipios, a los ciudadanos para poder hacer obras que beneficien y sobre todo resolver los problemas de la gente\u201d, puntualiz\u00f3.<\/p>\n\n\n\n<p>PRIORIDADES<\/p>\n\n\n\n<p>De la Garza present\u00f3 sus planes para mejorar la limpieza de la ciudad, para el ordenamiento urbano, para atender el problema de movilidad, los congestionamientos vehiculares y la falta de transporte p\u00fablico.<\/p>\n\n\n\n<p>Su proyecto abarca la atenci\u00f3n a los reportes ciudadanos en menos de 48 horas, trabajar con Agua y Drenaje para resolver la problem\u00e1tica del drenaje sanitario, y hacer un gobierno transparente y abierto.<\/p>\n\n\n\n<p>Finalmente, coment\u00f3 que con el Mundial de f\u00fatbol de 2026 se buscar\u00e1 posicionar a Monterrey a nivel global y as\u00ed fomentar la inversi\u00f3n en peque\u00f1as y medianas empresas y en tecnolog\u00eda.&nbsp;<\/p>\n","protected":false},"excerpt":{"rendered":"<p>*Se enfoca en el tema de seguridad, servicios p\u00fablicos, finanzas e inversi\u00f3n. En un encuentro con integrantes de la Asociaci\u00f3n Civil Vertebra, este jueves el alcalde de Monterrey, Adri\u00e1n de la Garza Santos, present\u00f3 su plan de gobierno para el trienio 2024-2027. Encabezados por Gabriela Saga\u00f3n S\u00e1nchez, Presidenta de Vertebra, los asistentes, entre los que [&hellip;]<\/p>\n","protected":false},"author":1,"featured_media":126685,"comment_status":"open","ping_status":"open","sticky":true,"template":"","format":"standard","meta":{"footnotes":""},"categories":[14,6],"tags":[],"_links":{"self":[{"href":"https:\/\/diariodigitalmx.com\/index.php\/wp-json\/wp\/v2\/posts\/126683"}],"collection":[{"href":"https:\/\/diariodigitalmx.com\/index.php\/wp-json\/wp\/v2\/posts"}],"about":[{"href":"https:\/\/diariodigitalmx.com\/index.php\/wp-json\/wp\/v2\/types\/post"}],"author":[{"embeddable":true,"href":"https:\/\/diariodigitalmx.com\/index.php\/wp-json\/wp\/v2\/users\/1"}],"replies":[{"embeddable":true,"href":"https:\/\/diariodigitalmx.com\/index.php\/wp-json\/wp\/v2\/comments?post=126683"}],"version-history":[{"count":2,"href":"https:\/\/diariodigitalmx.com\/index.php\/wp-json\/wp\/v2\/posts\/126683\/revisions"}],"predecessor-version":[{"id":126690,"href":"https:\/\/diariodigitalmx.com\/index.php\/wp-json\/wp\/v2\/posts\/126683\/revisions\/126690"}],"wp:featuredmedia":[{"embeddable":true,"href":"https:\/\/diariodigitalmx.com\/index.php\/wp-json\/wp\/v2\/media\/126685"}],"wp:attachment":[{"href":"https:\/\/diariodigitalmx.com\/index.php\/wp-json\/wp\/v2\/media?parent=126683"}],"wp:term":[{"taxonomy":"category","embeddable":true,"href":"https:\/\/diariodigitalmx.com\/index.php\/wp-json\/wp\/v2\/categories?post=126683"},{"taxonomy":"post_tag","embeddable":true,"href":"https:\/\/diariodigitalmx.com\/index.php\/wp-json\/wp\/v2\/tags?post=126683"}],"curies":[{"name":"wp","href":"https:\/\/api.w.org\/{rel}","templated":true}]}}