{"id":126920,"date":"2024-11-12T09:14:18","date_gmt":"2024-11-12T15:14:18","guid":{"rendered":"https:\/\/diariodigitalmx.com\/?p=126920"},"modified":"2024-11-12T09:18:53","modified_gmt":"2024-11-12T15:18:53","slug":"video-detenido-por-robo-con-violencia","status":"publish","type":"post","link":"https:\/\/diariodigitalmx.com\/index.php\/2024\/11\/12\/video-detenido-por-robo-con-violencia\/","title":{"rendered":"Video: detenido por robo con violencia"},"content":{"rendered":"\n<figure class=\"wp-block-video\"><video controls src=\"http:\/\/diariodigitalmx.com\/wp-content\/uploads\/2024\/11\/VID-20241112-WA0010.mp4\"><\/video><\/figure>\n\n\n\n<p>Un hombre fue detenido por oficiales de Proximidad de la Polic\u00eda de Monterrey, al presuntamente despojar de su tel\u00e9fono celular a un adolescente, amenaz\u00e1ndolo con una piedra, siendo captado a trav\u00e9s de las c\u00e1maras de seguridad del C-4, en la colonia Bella Vista.<\/p>\n\n\n\n<p>La captura de Fidel Antonio F., de 33 a\u00f1os de edad, se registr\u00f3 a las 09:35 horas, en Venustiano Carranza y Manuel de la Pe\u00f1a.<\/p>\n\n\n\n<p>Elementos de la Polic\u00eda de Monterrey realizaban un recorrido de prevenci\u00f3n y vigilancia, cuando personal del C-4 les reporta sobre un robo con violencia en proceso.<\/p>\n\n\n\n<p>Los uniformados municipales se aproximan de inmediato, por lo que al llegar, ser entrevistan con la v\u00edctima, un adolescente de 15 a\u00f1os de edad.<\/p>\n\n\n\n<p>El joven les se\u00f1ala al presunto responsable, como la persona que con una piedra, lo amenaz\u00f3 con hacerle da\u00f1o si no le entregaba sus pertenencias, mientras caminaba por la avenida Venustiano Carranza.<\/p>\n\n\n\n<p>Indic\u00f3 que se lo llev\u00f3 a un costado de dicha arteria, despoj\u00e1ndolo de un tel\u00e9fono celular de la marca Motorola, con un valor a los cinco mil pesos.<\/p>\n\n\n\n<p>El asalto fue captado por las c\u00e1maras de seguridad de esta corporaci\u00f3n, por lo que los oficiales de inmediato llegaron, logrando atrapar al masculino, a quien le encontraron la piedra y el celular.&nbsp;<\/p>\n\n\n\n<p>Cabe mencionar que al investigar el estatus legal del presunto, se inform\u00f3 que cuenta con antecedentes penales por delitos contra la salud.<\/p>\n\n\n\n<p>La estrategia de seguridad &#8220;Escudo\u201d, implementada en esta administraci\u00f3n, tiene como objetivo brindar mayor seguridad a los ciudadanos y disminuir los delitos.<\/p>\n\n\n\n<p>El hombre fue trasladado a las instalaciones de la Polic\u00eda de Monterrey, donde qued\u00f3 a disposici\u00f3n del Ministerio P\u00fablico.<\/p>\n","protected":false},"excerpt":{"rendered":"<p>Un hombre fue detenido por oficiales de Proximidad de la Polic\u00eda de Monterrey, al presuntamente despojar de su tel\u00e9fono celular a un adolescente, amenaz\u00e1ndolo con una piedra, siendo captado a trav\u00e9s de las c\u00e1maras de seguridad del C-4, en la colonia Bella Vista. La captura de Fidel Antonio F., de 33 a\u00f1os de edad, se [&hellip;]<\/p>\n","protected":false},"author":1,"featured_media":126924,"comment_status":"open","ping_status":"open","sticky":true,"template":"","format":"standard","meta":{"footnotes":""},"categories":[14,7],"tags":[],"_links":{"self":[{"href":"https:\/\/diariodigitalmx.com\/index.php\/wp-json\/wp\/v2\/posts\/126920"}],"collection":[{"href":"https:\/\/diariodigitalmx.com\/index.php\/wp-json\/wp\/v2\/posts"}],"about":[{"href":"https:\/\/diariodigitalmx.com\/index.php\/wp-json\/wp\/v2\/types\/post"}],"author":[{"embeddable":true,"href":"https:\/\/diariodigitalmx.com\/index.php\/wp-json\/wp\/v2\/users\/1"}],"replies":[{"embeddable":true,"href":"https:\/\/diariodigitalmx.com\/index.php\/wp-json\/wp\/v2\/comments?post=126920"}],"version-history":[{"count":2,"href":"https:\/\/diariodigitalmx.com\/index.php\/wp-json\/wp\/v2\/posts\/126920\/revisions"}],"predecessor-version":[{"id":126927,"href":"https:\/\/diariodigitalmx.com\/index.php\/wp-json\/wp\/v2\/posts\/126920\/revisions\/126927"}],"wp:featuredmedia":[{"embeddable":true,"href":"https:\/\/diariodigitalmx.com\/index.php\/wp-json\/wp\/v2\/media\/126924"}],"wp:attachment":[{"href":"https:\/\/diariodigitalmx.com\/index.php\/wp-json\/wp\/v2\/media?parent=126920"}],"wp:term":[{"taxonomy":"category","embeddable":true,"href":"https:\/\/diariodigitalmx.com\/index.php\/wp-json\/wp\/v2\/categories?post=126920"},{"taxonomy":"post_tag","embeddable":true,"href":"https:\/\/diariodigitalmx.com\/index.php\/wp-json\/wp\/v2\/tags?post=126920"}],"curies":[{"name":"wp","href":"https:\/\/api.w.org\/{rel}","templated":true}]}}