{"id":126937,"date":"2024-11-12T21:40:51","date_gmt":"2024-11-13T03:40:51","guid":{"rendered":"https:\/\/diariodigitalmx.com\/?p=126937"},"modified":"2024-11-12T22:35:49","modified_gmt":"2024-11-13T04:35:49","slug":"se-construiran-46-mil-viviendas-en-tamaulipas-en-los-proximos-seis-anos","status":"publish","type":"post","link":"https:\/\/diariodigitalmx.com\/index.php\/2024\/11\/12\/se-construiran-46-mil-viviendas-en-tamaulipas-en-los-proximos-seis-anos\/","title":{"rendered":"Se construir\u00e1n 46 mil viviendas en Tamaulipas en los pr\u00f3ximos seis a\u00f1os"},"content":{"rendered":"\n<p>Ciudad de M\u00e9xico.- Durante los pr\u00f3ximos seis a\u00f1os en Tamaulipas, el Infonavit construir\u00e1 46 mil viviendas y 250 mil derechohabientes se ver\u00e1n beneficiados con el congelamiento de sus cr\u00e9ditos que han venido pagando por a\u00f1os.&nbsp;&nbsp;<\/p>\n\n\n\n<p>Tal fue el anuncio que se hizo durante la reuni\u00f3n que sostuvo el gobernador Am\u00e9rico Villarreal Anaya, con el director general de Infonavit, Octavio Romero Oropeza, a la que asisti\u00f3 el director general del Instituto Tamaulipeco de Vivienda y Urbanismo (ITAVU), Manuel Trevi\u00f1o Cant\u00fa y el delegado del Infonavit en el estado, Claudio Aquiles Villanueva.<\/p>\n\n\n\n<figure class=\"wp-block-image size-large\"><img loading=\"lazy\" decoding=\"async\" width=\"1024\" height=\"682\" src=\"https:\/\/diariodigitalmx.com\/wp-content\/uploads\/2024\/11\/IMG-20241112-WA0238-1024x682.jpg\" alt=\"\" class=\"wp-image-126952\" srcset=\"https:\/\/diariodigitalmx.com\/wp-content\/uploads\/2024\/11\/IMG-20241112-WA0238-1024x682.jpg 1024w, https:\/\/diariodigitalmx.com\/wp-content\/uploads\/2024\/11\/IMG-20241112-WA0238-300x200.jpg 300w, https:\/\/diariodigitalmx.com\/wp-content\/uploads\/2024\/11\/IMG-20241112-WA0238-768x512.jpg 768w, https:\/\/diariodigitalmx.com\/wp-content\/uploads\/2024\/11\/IMG-20241112-WA0238-1536x1024.jpg 1536w, https:\/\/diariodigitalmx.com\/wp-content\/uploads\/2024\/11\/IMG-20241112-WA0238-2048x1365.jpg 2048w\" sizes=\"(max-width: 1024px) 100vw, 1024px\" \/><\/figure>\n\n\n\n<p>Durante el encuentro se explic\u00f3 que adem\u00e1s de dichos beneficios, se otorgar\u00e1n 55 mil cr\u00e9ditos en 38 municipios de Tamaulipas para que las y los derechohabientes ampl\u00eden, mejoren y remodelen sus viviendas.&nbsp;<\/p>\n\n\n\n<p>Los cr\u00e9ditos que se autorizan van de 9 mil hasta 156 mil pesos, se explic\u00f3.<\/p>\n\n\n\n<p>Ser\u00e1 la pr\u00f3xima semana cuando se firme en Ciudad Victoria, el convenio para iniciar el proceso de estos beneficios en los que participar\u00e1n la federaci\u00f3n, el estado y los 43 presidentes municipales.&nbsp;&nbsp;<\/p>\n\n\n\n<p>Tamaulipas, a trav\u00e9s del gobernador Villarreal Anaya, hizo el compromiso de destinar y urbanizar los predios para la construcci\u00f3n de las viviendas, 23 mil de las cuales ser\u00e1n edificadas por el Infonavit y 23 mil por la Comisi\u00f3n Nacional de Vivienda (Conavi).<\/p>\n","protected":false},"excerpt":{"rendered":"<p>Ciudad de M\u00e9xico.- Durante los pr\u00f3ximos seis a\u00f1os en Tamaulipas, el Infonavit construir\u00e1 46 mil viviendas y 250 mil derechohabientes se ver\u00e1n beneficiados con el congelamiento de sus cr\u00e9ditos que han venido pagando por a\u00f1os.&nbsp;&nbsp; Tal fue el anuncio que se hizo durante la reuni\u00f3n que sostuvo el gobernador Am\u00e9rico Villarreal Anaya, con el director [&hellip;]<\/p>\n","protected":false},"author":1,"featured_media":126950,"comment_status":"open","ping_status":"open","sticky":true,"template":"","format":"standard","meta":{"footnotes":""},"categories":[14,2],"tags":[],"_links":{"self":[{"href":"https:\/\/diariodigitalmx.com\/index.php\/wp-json\/wp\/v2\/posts\/126937"}],"collection":[{"href":"https:\/\/diariodigitalmx.com\/index.php\/wp-json\/wp\/v2\/posts"}],"about":[{"href":"https:\/\/diariodigitalmx.com\/index.php\/wp-json\/wp\/v2\/types\/post"}],"author":[{"embeddable":true,"href":"https:\/\/diariodigitalmx.com\/index.php\/wp-json\/wp\/v2\/users\/1"}],"replies":[{"embeddable":true,"href":"https:\/\/diariodigitalmx.com\/index.php\/wp-json\/wp\/v2\/comments?post=126937"}],"version-history":[{"count":2,"href":"https:\/\/diariodigitalmx.com\/index.php\/wp-json\/wp\/v2\/posts\/126937\/revisions"}],"predecessor-version":[{"id":126953,"href":"https:\/\/diariodigitalmx.com\/index.php\/wp-json\/wp\/v2\/posts\/126937\/revisions\/126953"}],"wp:featuredmedia":[{"embeddable":true,"href":"https:\/\/diariodigitalmx.com\/index.php\/wp-json\/wp\/v2\/media\/126950"}],"wp:attachment":[{"href":"https:\/\/diariodigitalmx.com\/index.php\/wp-json\/wp\/v2\/media?parent=126937"}],"wp:term":[{"taxonomy":"category","embeddable":true,"href":"https:\/\/diariodigitalmx.com\/index.php\/wp-json\/wp\/v2\/categories?post=126937"},{"taxonomy":"post_tag","embeddable":true,"href":"https:\/\/diariodigitalmx.com\/index.php\/wp-json\/wp\/v2\/tags?post=126937"}],"curies":[{"name":"wp","href":"https:\/\/api.w.org\/{rel}","templated":true}]}}