{"id":126962,"date":"2024-11-12T23:25:10","date_gmt":"2024-11-13T05:25:10","guid":{"rendered":"https:\/\/diariodigitalmx.com\/?p=126962"},"modified":"2024-11-12T23:27:58","modified_gmt":"2024-11-13T05:27:58","slug":"arranca-escobedo-operativo-fin-de-ano-seguro-2024","status":"publish","type":"post","link":"https:\/\/diariodigitalmx.com\/index.php\/2024\/11\/12\/arranca-escobedo-operativo-fin-de-ano-seguro-2024\/","title":{"rendered":"Arranca Escobedo operativo &#8220;Fin de a\u00f1o seguro 2024&#8221;"},"content":{"rendered":"\n<figure class=\"wp-block-image size-large\"><img loading=\"lazy\" decoding=\"async\" width=\"1024\" height=\"682\" src=\"https:\/\/diariodigitalmx.com\/wp-content\/uploads\/2024\/11\/FOTO-2-1-1024x682.jpg\" alt=\"\" class=\"wp-image-126965\" srcset=\"https:\/\/diariodigitalmx.com\/wp-content\/uploads\/2024\/11\/FOTO-2-1-1024x682.jpg 1024w, https:\/\/diariodigitalmx.com\/wp-content\/uploads\/2024\/11\/FOTO-2-1-300x200.jpg 300w, https:\/\/diariodigitalmx.com\/wp-content\/uploads\/2024\/11\/FOTO-2-1-768x512.jpg 768w, https:\/\/diariodigitalmx.com\/wp-content\/uploads\/2024\/11\/FOTO-2-1.jpg 1280w\" sizes=\"(max-width: 1024px) 100vw, 1024px\" \/><\/figure>\n\n\n\n<p>Para salvaguardar a quienes realicen sus compras en esta temporada el Gobierno de Escobedo inici\u00f3 con el operativo de seguridad \u201cBuen Fin y Aguinaldo Seguro\u201d donde la tecnolog\u00eda ser\u00e1 la clave para proteger a los escobedenses.<br>El Alcalde Andr\u00e9s Mijes junto a representantes de corporaciones de auxilio federal, estatal y municipal dio el banderazo de arranque al macro despliegue polic\u00edaco que tiene como fina generar un saldo blanco en esta temporada de Buen Fin, Navidad y A\u00f1o Nuevo.<br>\u201cTodo este despliegue va a estar a disposici\u00f3n de los ciudadanos y tambi\u00e9n de los comercios\u201d, expres\u00f3 el Alcalde en el evento realizado en el estacionamiento de un centro comercial ubicado sobre la Avenida Sendero.<\/p>\n\n\n\n<figure class=\"wp-block-image size-large\"><img loading=\"lazy\" decoding=\"async\" width=\"1024\" height=\"682\" src=\"https:\/\/diariodigitalmx.com\/wp-content\/uploads\/2024\/11\/FOTO-1-1-1024x682.jpg\" alt=\"\" class=\"wp-image-126967\" srcset=\"https:\/\/diariodigitalmx.com\/wp-content\/uploads\/2024\/11\/FOTO-1-1-1024x682.jpg 1024w, https:\/\/diariodigitalmx.com\/wp-content\/uploads\/2024\/11\/FOTO-1-1-300x200.jpg 300w, https:\/\/diariodigitalmx.com\/wp-content\/uploads\/2024\/11\/FOTO-1-1-768x512.jpg 768w, https:\/\/diariodigitalmx.com\/wp-content\/uploads\/2024\/11\/FOTO-1-1.jpg 1280w\" sizes=\"(max-width: 1024px) 100vw, 1024px\" \/><\/figure>\n\n\n\n<p>Con la participaci\u00f3n de 160 elementos polic\u00edacos y adem\u00e1s de elementos de Protecci\u00f3n Civil Municipal es como se blindar\u00e1 la Ciudad en estas fechas, reforzando la presencia polic\u00edaca en centros comerciales, bancos, cajeros, tiendas y zonas recreativas.<br>Para cuidar a la poblaci\u00f3n y su patrimonio, la Polic\u00eda de Escobedo aumentar\u00e1 la vigilancia con tres drones de \u00faltima generaci\u00f3n y c\u00e1mara infrarroja, armas no letales conocidas como Taser 7, c\u00e1maras corporales<br>para oficiales, 11 torres de vigilancia y 71 patrullas equipadas con equipo tecnol\u00f3gico para atender de forma inmediata los reportes.<br>Este despliegue estar\u00e1 presente desde esta semana y toda la temporada navide\u00f1a, acciones que se complementar\u00e1n a la vigilancia habitual que se realiza en colonias y calles de Escobedo de forma permanente.<\/p>\n\n\n\n<figure class=\"wp-block-image size-large\"><img loading=\"lazy\" decoding=\"async\" width=\"1024\" height=\"682\" src=\"https:\/\/diariodigitalmx.com\/wp-content\/uploads\/2024\/11\/FOTO-6-1-1024x682.jpg\" alt=\"\" class=\"wp-image-126969\" srcset=\"https:\/\/diariodigitalmx.com\/wp-content\/uploads\/2024\/11\/FOTO-6-1-1024x682.jpg 1024w, https:\/\/diariodigitalmx.com\/wp-content\/uploads\/2024\/11\/FOTO-6-1-300x200.jpg 300w, https:\/\/diariodigitalmx.com\/wp-content\/uploads\/2024\/11\/FOTO-6-1-768x512.jpg 768w, https:\/\/diariodigitalmx.com\/wp-content\/uploads\/2024\/11\/FOTO-6-1.jpg 1280w\" sizes=\"(max-width: 1024px) 100vw, 1024px\" \/><\/figure>\n\n\n\n<p>Mijes refrend\u00f3 su compromiso de garantizar el orden y paz aplicando en todo momento el profesionalismo de las fuerzas de seguridad, con un estricto apego a derecho.<br>\u201cTenemos que mostrar a la delincuencia que estamos unidos contra ellos, cuando ven unas fuerzas del orden s\u00f3lidas, trabajando en coordinaci\u00f3n no echan bala contra las fuerzas del orden.<br>\u201cMe siento orgulloso no solo de nuestros polic\u00edas, sino tambi\u00e9n de las dem\u00e1s fuerzas del orden con las que trabajamos mucho en coordinaci\u00f3n\u201d, destac\u00f3<br>A este operativo se suman elementos de la Guardia Nacional, Bomberos de Monterrey, Cruz Roja, Fiscal\u00eda General de Justicia del Estado, Agencia Estatal de Investigaciones y Fuerza Civil.<br>Los objetivos de la estrategia son salvaguardar y proteger a la ciudadan\u00eda, disuadir actos delictivos, prevenir la comisi\u00f3n de delitos y faltas administrativas e identificar los sitios vulnerables para establecer ah\u00ed fuerza operativa.<\/p>\n","protected":false},"excerpt":{"rendered":"<p>Para salvaguardar a quienes realicen sus compras en esta temporada el Gobierno de Escobedo inici\u00f3 con el operativo de seguridad \u201cBuen Fin y Aguinaldo Seguro\u201d donde la tecnolog\u00eda ser\u00e1 la clave para proteger a los escobedenses.El Alcalde Andr\u00e9s Mijes junto a representantes de corporaciones de auxilio federal, estatal y municipal dio el banderazo de arranque [&hellip;]<\/p>\n","protected":false},"author":1,"featured_media":126964,"comment_status":"open","ping_status":"open","sticky":true,"template":"","format":"standard","meta":{"footnotes":""},"categories":[14,6],"tags":[],"_links":{"self":[{"href":"https:\/\/diariodigitalmx.com\/index.php\/wp-json\/wp\/v2\/posts\/126962"}],"collection":[{"href":"https:\/\/diariodigitalmx.com\/index.php\/wp-json\/wp\/v2\/posts"}],"about":[{"href":"https:\/\/diariodigitalmx.com\/index.php\/wp-json\/wp\/v2\/types\/post"}],"author":[{"embeddable":true,"href":"https:\/\/diariodigitalmx.com\/index.php\/wp-json\/wp\/v2\/users\/1"}],"replies":[{"embeddable":true,"href":"https:\/\/diariodigitalmx.com\/index.php\/wp-json\/wp\/v2\/comments?post=126962"}],"version-history":[{"count":4,"href":"https:\/\/diariodigitalmx.com\/index.php\/wp-json\/wp\/v2\/posts\/126962\/revisions"}],"predecessor-version":[{"id":126970,"href":"https:\/\/diariodigitalmx.com\/index.php\/wp-json\/wp\/v2\/posts\/126962\/revisions\/126970"}],"wp:featuredmedia":[{"embeddable":true,"href":"https:\/\/diariodigitalmx.com\/index.php\/wp-json\/wp\/v2\/media\/126964"}],"wp:attachment":[{"href":"https:\/\/diariodigitalmx.com\/index.php\/wp-json\/wp\/v2\/media?parent=126962"}],"wp:term":[{"taxonomy":"category","embeddable":true,"href":"https:\/\/diariodigitalmx.com\/index.php\/wp-json\/wp\/v2\/categories?post=126962"},{"taxonomy":"post_tag","embeddable":true,"href":"https:\/\/diariodigitalmx.com\/index.php\/wp-json\/wp\/v2\/tags?post=126962"}],"curies":[{"name":"wp","href":"https:\/\/api.w.org\/{rel}","templated":true}]}}