{"id":127000,"date":"2024-11-14T19:59:25","date_gmt":"2024-11-15T01:59:25","guid":{"rendered":"https:\/\/diariodigitalmx.com\/?p=127000"},"modified":"2024-11-14T20:04:27","modified_gmt":"2024-11-15T02:04:27","slug":"acuerdan-nl-coahuila-y-tamaulipas-acciones-en-seguridad-y-mejora-a-sus-fronteras","status":"publish","type":"post","link":"https:\/\/diariodigitalmx.com\/index.php\/2024\/11\/14\/acuerdan-nl-coahuila-y-tamaulipas-acciones-en-seguridad-y-mejora-a-sus-fronteras\/","title":{"rendered":"Acuerdan NL, Coahuila y Tamaulipas acciones\u00a0 en seguridad y mejora a sus fronteras\u00a0"},"content":{"rendered":"\n<p>Monterrey. &#8211; Los gobiernos de Nuevo Le\u00f3n, Coahuila y Tamaulipas acordaron aqu\u00ed establecer reuniones para crear pol\u00edticas p\u00fablicas para evitar el acceso masivo de migrantes, y mejorar las condiciones para sus fronteras.<\/p>\n\n\n\n<p>En la segunda Reuni\u00f3n Regional Noreste de Seguridad P\u00fablica celebrada en el Museo del Noreste de esta ciudad,&nbsp;Samuel Alejandro Garc\u00eda Sep\u00falveda, de Nuevo Le\u00f3n; de Coahuila, Manolo Jim\u00e9nez; y de Tamaulipas, Am\u00e9rico Villarreal analizaron el tema de la seguridad y la necesidad de coordinarse las tres entidades.<\/p>\n\n\n\n<p>Un acuerdo m\u00e1s fue la conformaci\u00f3n del Grupo de Inteligencia Operativa a nivel regional; llevar a cabo acciones de contenci\u00f3n del fen\u00f3meno migratorio, mediante reuniones con los delegados del Instituto Nacional de Migraci\u00f3n y con la participaci\u00f3n de los tres estados y de las fuerzas del orden, se informo en un comunicado conjunto.<\/p>\n\n\n\n<figure class=\"wp-block-image size-large\"><img loading=\"lazy\" decoding=\"async\" width=\"1024\" height=\"683\" src=\"https:\/\/diariodigitalmx.com\/wp-content\/uploads\/2024\/11\/IMG_20241114_174917_664-1024x683.webp\" alt=\"\" class=\"wp-image-127006\" srcset=\"https:\/\/diariodigitalmx.com\/wp-content\/uploads\/2024\/11\/IMG_20241114_174917_664-1024x683.webp 1024w, https:\/\/diariodigitalmx.com\/wp-content\/uploads\/2024\/11\/IMG_20241114_174917_664-300x200.webp 300w, https:\/\/diariodigitalmx.com\/wp-content\/uploads\/2024\/11\/IMG_20241114_174917_664-768x512.webp 768w, https:\/\/diariodigitalmx.com\/wp-content\/uploads\/2024\/11\/IMG_20241114_174917_664.webp 1080w\" sizes=\"(max-width: 1024px) 100vw, 1024px\" \/><\/figure>\n\n\n\n<p>&nbsp;Asimismo, se acord\u00f3 establecer programas conjuntos para garantizar la seguridad de los paisanos que retornen por los tres estados.<\/p>\n\n\n\n<p>Manolo Jim\u00e9nez apoy\u00f3 la propuesta de tener un cuerpo policial que opere en las zonas lim\u00edtrofes de los tres estados y que tengan como sede Colombia, Nuevo Le\u00f3n, \u201ca nosotros nos funcionar\u00eda bastante bien, porque ahora s\u00ed que el blindaje a nuestro estado lo har\u00edamos desde varios kil\u00f3metros antes\u201d.<\/p>\n\n\n\n<p>&nbsp;En su intervenci\u00f3n el Gobernador de Tamaulipas, Am\u00e9rico Villarreal dijo que es necesario la coordinaci\u00f3n entre las tres entidades para blindar las instituciones en beneficio de la poblaci\u00f3n, y fortalecer el comercio en puntos fronterizos.<\/p>\n\n\n\n<p>Los tres gobernadores cordaron la integraci\u00f3n de una Base de Operaciones Conjunta en la Aduana Colombia.<\/p>\n\n\n\n<p>&nbsp;Samuel Garc\u00eda Sep\u00falveda manifest\u00f3 que ante la prioridad de fortalecer la seguridad en las tres entidades federativas, se requiere el establecimiento de esta base, justo en donde se unen en la carretera Ribere\u00f1a.<\/p>\n\n\n\n<p>El Gobernador de Coahuila, Manolo Jim\u00e9nez coment\u00f3 que se han tenido muy buenos resultados en los operativos coordinados con las fuerzas estatales de Nuevo Le\u00f3n, ya que se ha estrechado la comunicaci\u00f3n entre los titulares de Seguridad P\u00fablica de estos dos estados vecinos, por lo que se ha logrado reducir la actividad delincuencial en sus zonas lim\u00edtrofes.<\/p>\n\n\n\n<p>&nbsp;\u201cUno de los objetivos que planteamos en conjunto en Saltillo, los tres gobernadores, el Ej\u00e9rcito y los respectivos equipos de trabajo junto con los representantes de la Federaci\u00f3n, ha dado muy buenos resultados\u201d, coment\u00f3.<\/p>\n\n\n\n<p>&nbsp;Por su parte el Secretario de Gobierno de Nuevo Le\u00f3n, Javier Navarro dio a conocer los restantes acuerdos a los que se llegaron en la reuni\u00f3n.<\/p>\n\n\n\n<p>&nbsp;Destac\u00f3 que adem\u00e1s del mando en conjunto de Colombia se haga lo mismo en la zona de Galeana, derivado de los \u00faltimos acontecimientos y de vistas de civiles armados en ese municipio; la instalaci\u00f3n de antenas en las zonas en que no haya recepci\u00f3n para dar mayor seguridad a las polic\u00edas, a los mandos federales y los municipales.<\/p>\n\n\n\n<p>En la reuni\u00f3n los Comandantes de la IV y de la XI Regi\u00f3n Militar dieron a conocer la colaboraci\u00f3n del Ej\u00e9rcito y la Guardia Nacional con los Gobiernos Estatales de la regi\u00f3n.<\/p>\n\n\n\n<p>&nbsp;En tanto, los secretarios de Seguridad P\u00fablica de Coahuila, Nuevo Le\u00f3n y Tamaulipas mostraron los avances en la coordinaci\u00f3n operativa para mejorar la vigilancia y capacidad de reacci\u00f3n en los l\u00edmites territoriales compartidos.<\/p>\n\n\n\n<p>&nbsp;Asistieron adem\u00e1s representantes de la SEDENA, FGR, FGJENL; CNI, y del INM en estas tres entidades.<\/p>\n","protected":false},"excerpt":{"rendered":"<p>Monterrey. &#8211; Los gobiernos de Nuevo Le\u00f3n, Coahuila y Tamaulipas acordaron aqu\u00ed establecer reuniones para crear pol\u00edticas p\u00fablicas para evitar el acceso masivo de migrantes, y mejorar las condiciones para sus fronteras. En la segunda Reuni\u00f3n Regional Noreste de Seguridad P\u00fablica celebrada en el Museo del Noreste de esta ciudad,&nbsp;Samuel Alejandro Garc\u00eda Sep\u00falveda, de Nuevo [&hellip;]<\/p>\n","protected":false},"author":1,"featured_media":127005,"comment_status":"open","ping_status":"open","sticky":true,"template":"","format":"standard","meta":{"footnotes":""},"categories":[6,3],"tags":[],"_links":{"self":[{"href":"https:\/\/diariodigitalmx.com\/index.php\/wp-json\/wp\/v2\/posts\/127000"}],"collection":[{"href":"https:\/\/diariodigitalmx.com\/index.php\/wp-json\/wp\/v2\/posts"}],"about":[{"href":"https:\/\/diariodigitalmx.com\/index.php\/wp-json\/wp\/v2\/types\/post"}],"author":[{"embeddable":true,"href":"https:\/\/diariodigitalmx.com\/index.php\/wp-json\/wp\/v2\/users\/1"}],"replies":[{"embeddable":true,"href":"https:\/\/diariodigitalmx.com\/index.php\/wp-json\/wp\/v2\/comments?post=127000"}],"version-history":[{"count":3,"href":"https:\/\/diariodigitalmx.com\/index.php\/wp-json\/wp\/v2\/posts\/127000\/revisions"}],"predecessor-version":[{"id":127007,"href":"https:\/\/diariodigitalmx.com\/index.php\/wp-json\/wp\/v2\/posts\/127000\/revisions\/127007"}],"wp:featuredmedia":[{"embeddable":true,"href":"https:\/\/diariodigitalmx.com\/index.php\/wp-json\/wp\/v2\/media\/127005"}],"wp:attachment":[{"href":"https:\/\/diariodigitalmx.com\/index.php\/wp-json\/wp\/v2\/media?parent=127000"}],"wp:term":[{"taxonomy":"category","embeddable":true,"href":"https:\/\/diariodigitalmx.com\/index.php\/wp-json\/wp\/v2\/categories?post=127000"},{"taxonomy":"post_tag","embeddable":true,"href":"https:\/\/diariodigitalmx.com\/index.php\/wp-json\/wp\/v2\/tags?post=127000"}],"curies":[{"name":"wp","href":"https:\/\/api.w.org\/{rel}","templated":true}]}}