{"id":127003,"date":"2024-11-14T20:01:13","date_gmt":"2024-11-15T02:01:13","guid":{"rendered":"https:\/\/diariodigitalmx.com\/?p=127003"},"modified":"2024-11-14T20:06:39","modified_gmt":"2024-11-15T02:06:39","slug":"muestra-prepa-2-su-poderio-en-torneos-deportivos-individuales-uanl","status":"publish","type":"post","link":"https:\/\/diariodigitalmx.com\/index.php\/2024\/11\/14\/muestra-prepa-2-su-poderio-en-torneos-deportivos-individuales-uanl\/","title":{"rendered":"Muestra Prepa 2 su poder\u00edo en torneos deportivos individuales UANL"},"content":{"rendered":"\n<figure class=\"wp-block-image size-large\"><img loading=\"lazy\" decoding=\"async\" width=\"1024\" height=\"1024\" src=\"https:\/\/diariodigitalmx.com\/wp-content\/uploads\/2024\/11\/IMG_20241114_145324_103-1024x1024.webp\" alt=\"\" class=\"wp-image-127009\" srcset=\"https:\/\/diariodigitalmx.com\/wp-content\/uploads\/2024\/11\/IMG_20241114_145324_103-1024x1024.webp 1024w, https:\/\/diariodigitalmx.com\/wp-content\/uploads\/2024\/11\/IMG_20241114_145324_103-300x300.webp 300w, https:\/\/diariodigitalmx.com\/wp-content\/uploads\/2024\/11\/IMG_20241114_145324_103-150x150.webp 150w, https:\/\/diariodigitalmx.com\/wp-content\/uploads\/2024\/11\/IMG_20241114_145324_103-768x768.webp 768w, https:\/\/diariodigitalmx.com\/wp-content\/uploads\/2024\/11\/IMG_20241114_145324_103.webp 1080w\" sizes=\"(max-width: 1024px) 100vw, 1024px\" \/><\/figure>\n\n\n\n<p>&nbsp;Por: Ra\u00fal E. Guevara Ortiz\/Prensa Prepa 2.-&nbsp; Una vez m\u00e1s los Vaqueros de la Preparatoria N\u00b0 2 de la Universidad Aut\u00f3noma&nbsp; de Nuevo Le\u00f3n, han demostrado no solo tener capacidad acad\u00e9mica y alto nivel dentro del aula de clase, sino que son poseedores tambi\u00e9n&nbsp; de un gran talento y capacidad f\u00edsica que los han llevado a destacar&nbsp; en diferentes&nbsp; actividades deportivas, sobre todo en las de car\u00e1cter individual, donde obtuvieron un total de 68 medallas en ocho disciplinas.<\/p>\n\n\n\n<p>\u00a0\u201cUna vez m\u00e1s nos llena de orgullo, el ver que su talento y capacidad nos permite seguir siendo una verdadera \u201cescuela de campeones\u201d, donde\u00a0 ustedes, entregando hasta su coraz\u00f3n por defender los colores de la Preparatoria 2, les ha llevado a alcanzar un gran n\u00famero de medallas, empleando toda su capacidad f\u00edsica y t\u00e9cnica individual\u201d, expres\u00f3 el Maestro en Educaci\u00f3n Superior Oscar Cortes Torres, director de la instituci\u00f3n\u00a0 de educaci\u00f3n media superior de la UANL.<\/p>\n\n\n\n<figure class=\"wp-block-gallery has-nested-images columns-default is-cropped wp-block-gallery-1 is-layout-flex wp-block-gallery-is-layout-flex\">\n<figure class=\"wp-block-image size-large\"><img loading=\"lazy\" decoding=\"async\" width=\"1024\" height=\"1024\" data-id=\"127011\" src=\"https:\/\/diariodigitalmx.com\/wp-content\/uploads\/2024\/11\/IMG_20241114_145323_660-1024x1024.webp\" alt=\"\" class=\"wp-image-127011\" srcset=\"https:\/\/diariodigitalmx.com\/wp-content\/uploads\/2024\/11\/IMG_20241114_145323_660-1024x1024.webp 1024w, https:\/\/diariodigitalmx.com\/wp-content\/uploads\/2024\/11\/IMG_20241114_145323_660-300x300.webp 300w, https:\/\/diariodigitalmx.com\/wp-content\/uploads\/2024\/11\/IMG_20241114_145323_660-150x150.webp 150w, https:\/\/diariodigitalmx.com\/wp-content\/uploads\/2024\/11\/IMG_20241114_145323_660-768x768.webp 768w, https:\/\/diariodigitalmx.com\/wp-content\/uploads\/2024\/11\/IMG_20241114_145323_660.webp 1080w\" sizes=\"(max-width: 1024px) 100vw, 1024px\" \/><\/figure>\n\n\n\n<figure class=\"wp-block-image size-large\"><img loading=\"lazy\" decoding=\"async\" width=\"1024\" height=\"1024\" data-id=\"127010\" src=\"https:\/\/diariodigitalmx.com\/wp-content\/uploads\/2024\/11\/IMG_20241114_145322_750-1024x1024.webp\" alt=\"\" class=\"wp-image-127010\" srcset=\"https:\/\/diariodigitalmx.com\/wp-content\/uploads\/2024\/11\/IMG_20241114_145322_750-1024x1024.webp 1024w, https:\/\/diariodigitalmx.com\/wp-content\/uploads\/2024\/11\/IMG_20241114_145322_750-300x300.webp 300w, https:\/\/diariodigitalmx.com\/wp-content\/uploads\/2024\/11\/IMG_20241114_145322_750-150x150.webp 150w, https:\/\/diariodigitalmx.com\/wp-content\/uploads\/2024\/11\/IMG_20241114_145322_750-768x768.webp 768w, https:\/\/diariodigitalmx.com\/wp-content\/uploads\/2024\/11\/IMG_20241114_145322_750.webp 1080w\" sizes=\"(max-width: 1024px) 100vw, 1024px\" \/><\/figure>\n\n\n\n<figure class=\"wp-block-image size-large\"><img loading=\"lazy\" decoding=\"async\" width=\"1024\" height=\"1024\" data-id=\"127012\" src=\"https:\/\/diariodigitalmx.com\/wp-content\/uploads\/2024\/11\/IMG_20241114_145322_910-1024x1024.webp\" alt=\"\" class=\"wp-image-127012\" srcset=\"https:\/\/diariodigitalmx.com\/wp-content\/uploads\/2024\/11\/IMG_20241114_145322_910-1024x1024.webp 1024w, https:\/\/diariodigitalmx.com\/wp-content\/uploads\/2024\/11\/IMG_20241114_145322_910-300x300.webp 300w, https:\/\/diariodigitalmx.com\/wp-content\/uploads\/2024\/11\/IMG_20241114_145322_910-150x150.webp 150w, https:\/\/diariodigitalmx.com\/wp-content\/uploads\/2024\/11\/IMG_20241114_145322_910-768x768.webp 768w, https:\/\/diariodigitalmx.com\/wp-content\/uploads\/2024\/11\/IMG_20241114_145322_910.webp 1080w\" sizes=\"(max-width: 1024px) 100vw, 1024px\" \/><\/figure>\n<\/figure>\n\n\n\n<p>&nbsp;Congregados junto al Vaquero, emblem\u00e1tico s\u00edmbolo de la Preparatoria N\u00b0 2, deportistas de las disciplinas como atletismo, halterofilia, k\u00e1rate do, lima lama, lucha ol\u00edmpica nataci\u00f3n, tae kwon do y voleibol de playa varonil, comentaron&nbsp; a su dirigente la experiencia vivida en cada una de las competencias que los llevaron a la conquista de los p\u00f3diums de 1\u00ba.2\u00ba. O 3er., lugar de los torneo intra-preparatorias del semestre agosto-diciembre 2024.<\/p>\n\n\n\n<p>&nbsp;Un total de 68 medallas, 19 de ellas doradas, 19 de plata y 39 de bronce, donde&nbsp; 47 de ellas fueron alcanzadas representantes del sector femenil y 41 por el varonil, fue la cosecha de los Vaqueros, en las diferentes competencias&nbsp; que concluir\u00e1n durante la primera semana del mes de diciembre con el torneo de Deportes de Animaci\u00f3n&nbsp; femenil y varonil incrementando la posibilidad se seguir sumando victorias para los representativos de Prepa 2 y CIDEB-Prepa 2.<\/p>\n","protected":false},"excerpt":{"rendered":"<p>&nbsp;Por: Ra\u00fal E. Guevara Ortiz\/Prensa Prepa 2.-&nbsp; Una vez m\u00e1s los Vaqueros de la Preparatoria N\u00b0 2 de la Universidad Aut\u00f3noma&nbsp; de Nuevo Le\u00f3n, han demostrado no solo tener capacidad acad\u00e9mica y alto nivel dentro del aula de clase, sino que son poseedores tambi\u00e9n&nbsp; de un gran talento y capacidad f\u00edsica que los han llevado [&hellip;]<\/p>\n","protected":false},"author":1,"featured_media":127008,"comment_status":"open","ping_status":"open","sticky":true,"template":"","format":"standard","meta":{"footnotes":""},"categories":[8,5],"tags":[],"_links":{"self":[{"href":"https:\/\/diariodigitalmx.com\/index.php\/wp-json\/wp\/v2\/posts\/127003"}],"collection":[{"href":"https:\/\/diariodigitalmx.com\/index.php\/wp-json\/wp\/v2\/posts"}],"about":[{"href":"https:\/\/diariodigitalmx.com\/index.php\/wp-json\/wp\/v2\/types\/post"}],"author":[{"embeddable":true,"href":"https:\/\/diariodigitalmx.com\/index.php\/wp-json\/wp\/v2\/users\/1"}],"replies":[{"embeddable":true,"href":"https:\/\/diariodigitalmx.com\/index.php\/wp-json\/wp\/v2\/comments?post=127003"}],"version-history":[{"count":2,"href":"https:\/\/diariodigitalmx.com\/index.php\/wp-json\/wp\/v2\/posts\/127003\/revisions"}],"predecessor-version":[{"id":127013,"href":"https:\/\/diariodigitalmx.com\/index.php\/wp-json\/wp\/v2\/posts\/127003\/revisions\/127013"}],"wp:featuredmedia":[{"embeddable":true,"href":"https:\/\/diariodigitalmx.com\/index.php\/wp-json\/wp\/v2\/media\/127008"}],"wp:attachment":[{"href":"https:\/\/diariodigitalmx.com\/index.php\/wp-json\/wp\/v2\/media?parent=127003"}],"wp:term":[{"taxonomy":"category","embeddable":true,"href":"https:\/\/diariodigitalmx.com\/index.php\/wp-json\/wp\/v2\/categories?post=127003"},{"taxonomy":"post_tag","embeddable":true,"href":"https:\/\/diariodigitalmx.com\/index.php\/wp-json\/wp\/v2\/tags?post=127003"}],"curies":[{"name":"wp","href":"https:\/\/api.w.org\/{rel}","templated":true}]}}