{"id":127150,"date":"2024-11-18T09:46:43","date_gmt":"2024-11-18T15:46:43","guid":{"rendered":"https:\/\/diariodigitalmx.com\/?p=127150"},"modified":"2024-11-18T10:06:05","modified_gmt":"2024-11-18T16:06:05","slug":"merma-en-el-presupuesto-de-seguridad","status":"publish","type":"post","link":"https:\/\/diariodigitalmx.com\/index.php\/2024\/11\/18\/merma-en-el-presupuesto-de-seguridad\/","title":{"rendered":"Merma en el presupuesto de seguridad"},"content":{"rendered":"\n<p>De frente y de perfil&nbsp;<\/p>\n\n\n\n<p>Ram\u00f3n Zurita Sahag\u00fan&nbsp;<\/p>\n\n\n\n<p>Dos son los grandes temas que preocupan a la poblaci\u00f3n mexicana y que las autoridades no han encontrado la forma adecuada para procurarles seguridad a los habitantes de M\u00e9xico.<\/p>\n\n\n\n<p>La inseguridad y la violencia siguen campeando por los lugares acostumbrados, aunque se expanden por otras entidades del pa\u00eds.<\/p>\n\n\n\n<p>El problema ha sido abordado por el actual gobierno, dando mayores atribuciones a la secretar\u00eda de Seguridad que encabeza Omar Garc\u00eda, a la que se le otorgaron facultades de investigaci\u00f3n, mientras que la Guardia Nacional pas\u00f3 a ser parte de la Secretar\u00eda de la Defensa Nacional.<\/p>\n\n\n\n<p>Se trata de una mayor eficiencia por parte de las autoridades, para frenar la ola de violencia que azota al pa\u00eds, incrementada en gran forma desde el sexenio pasado.<\/p>\n\n\n\n<p>Conociendo ello no se explica por qu\u00e9 se le redujeron las partidas presupuestales del pr\u00f3ximo a\u00f1o tanto a la secretar\u00eda de seguridad, como a la de la Defensa.<\/p>\n\n\n\n<p>Aparentemente no es demasiada en porcentaje la merma que sufren ambas dependencias del gobierno federal, aunque se trata de cifras millonarias, cuando se supone que se atacar\u00e1n desde diversos puntos la problem\u00e1tica de inseguridad y violencia.<\/p>\n\n\n\n<p>Y es que se le dan mayores facultades, tambi\u00e9n ser\u00eda una consecuencia l\u00f3gica aportar mayor dinero para que se cuenten con las herramientas necesarias para el combate a la delincuencia, la investigaci\u00f3n y dem\u00e1s temas concernientes al principal problema que se tiene en el pa\u00eds.<\/p>\n\n\n\n<p>Habr\u00e1 que ver c\u00f3mo cuadran las cifras en el presupuesto de Egresos considerado para el 2025 y que la C\u00e1mara analizar\u00e1 el pr\u00f3ximo mi\u00e9rcoles.<\/p>\n\n\n\n<p>El gobierno est\u00e1 consciente de la necesidad de atacar de ra\u00edz el problema de la inseguridad y de la violencia y pretende hacerlo con mayor \u00e9nfasis, dejando de lado los abrazos y no balazos que privaron en la administraci\u00f3n anterior.<\/p>\n\n\n\n<p>Coment\u00e1bamos que la violencia e inseguridad ha crecido en territorio nacional y estos temas detonaron en una entidad que como Tabasco se cre\u00eda lejano del asunto.<\/p>\n\n\n\n<p>Sin embargo, el crimen organizado decidi\u00f3 mostrar su verdadera cara y se han desencadenado una serie de acontecimientos en diversas ciudades del estado, especialmente en la capital que motivaron al gobernador a reclamar a la administraci\u00f3n anterior el desd\u00e9n hacia estos temas y hasta sugerir que funcionarios del pasado son los que abrieron las puertas a la delincuencia organizada, de la que se sospecha que formaban parte funcionarios de las dependencias vinculadas al asunto.<\/p>\n\n\n\n<p>Se sabe que Javier May no guarda ning\u00fan nexo con Ad\u00e1n Augusto L\u00f3pez, m\u00e1s que la antipat\u00eda mutua y que buscar\u00e1 hasta por debajo de las piedras para encontrar temas para lanzarle la tarascada.<\/p>\n\n\n\n<p>Es un asunto que se iguala a lo que sucede en Baja California donde la actual gobernadora Marina del Pilar \u00c1vila busca hasta debajo de las piedras para encontrar elementos que le permitan actuar en contra de Jaime Bonilla, su antecesor. Van tres de gobierno de Marina y no encuentra nada, pero sigue azuzando a sus funcionarios para que les den los dientes con los que pueda actuar.<\/p>\n\n\n\n<p>Las discrepancias entre Marina del Pilar y Jaime son a\u00f1ejas y se han incrementado desde el momento en que Bonilla lanza cr\u00edticas al gobierno de su sucesora.<\/p>\n\n\n\n<p>Veracruz es otro estado en el que la violencia se recrudece y la gobernadora entrante, Roc\u00edo Nahle cree haber encontrado la medicina que frene la violencia e inseguridad en la persona del contralmirante Alfonso Reyes Garc\u00e9s.<\/p>\n\n\n\n<p>Es egresado de la Heroica Escuela Naval Militar en la carrera de Infanter\u00eda de Marina y cuenta con tres maestr\u00edas en An\u00e1lisis de Defensa con la especialidad en Guerra Irregular, efectuada en el Naval Postgraduate School en Monterey California, Estados Unidos y fungi\u00f3 como director de Operaciones Especiales de la desaparecida Polic\u00eda Federal Preventiva.<\/p>\n\n\n\n<p>&nbsp; &nbsp; &nbsp; &nbsp; &nbsp; &nbsp; &nbsp; &nbsp; &nbsp; &nbsp; &nbsp; &nbsp; &nbsp; &nbsp; &nbsp; &nbsp; &nbsp; &nbsp; &nbsp; &nbsp; &nbsp; &nbsp; &nbsp; &nbsp; &nbsp; &nbsp; &nbsp; &nbsp; &nbsp; \u2026\u2026\u2026\u2026\u2026\u2026\u2026\u2026<\/p>\n\n\n\n<p>Siempre si, los ex gobernadores surgidos de MORENA se integrar\u00e1n al gobierno de Claudia Sheinbaum, seg\u00fan ratific\u00f3 en Veracruz con el caso de Cuitl\u00e1huac Garc\u00eda.<\/p>\n\n\n\n<p><a href=\"mailto:ramonzurita44@hotmail.com\" target=\"_blank\" rel=\"noreferrer noopener\">ramonzurita44@hotmail.com<\/a><\/p>\n\n\n\n<p><a href=\"mailto:ramonzurita44@gmail.com\" target=\"_blank\" rel=\"noreferrer noopener\">ramonzurita44@gmail.com<\/a><\/p>\n","protected":false},"excerpt":{"rendered":"<p>De frente y de perfil&nbsp; Ram\u00f3n Zurita Sahag\u00fan&nbsp; Dos son los grandes temas que preocupan a la poblaci\u00f3n mexicana y que las autoridades no han encontrado la forma adecuada para procurarles seguridad a los habitantes de M\u00e9xico. La inseguridad y la violencia siguen campeando por los lugares acostumbrados, aunque se expanden por otras entidades del [&hellip;]<\/p>\n","protected":false},"author":1,"featured_media":126485,"comment_status":"open","ping_status":"open","sticky":true,"template":"","format":"standard","meta":{"footnotes":""},"categories":[12,5],"tags":[],"_links":{"self":[{"href":"https:\/\/diariodigitalmx.com\/index.php\/wp-json\/wp\/v2\/posts\/127150"}],"collection":[{"href":"https:\/\/diariodigitalmx.com\/index.php\/wp-json\/wp\/v2\/posts"}],"about":[{"href":"https:\/\/diariodigitalmx.com\/index.php\/wp-json\/wp\/v2\/types\/post"}],"author":[{"embeddable":true,"href":"https:\/\/diariodigitalmx.com\/index.php\/wp-json\/wp\/v2\/users\/1"}],"replies":[{"embeddable":true,"href":"https:\/\/diariodigitalmx.com\/index.php\/wp-json\/wp\/v2\/comments?post=127150"}],"version-history":[{"count":1,"href":"https:\/\/diariodigitalmx.com\/index.php\/wp-json\/wp\/v2\/posts\/127150\/revisions"}],"predecessor-version":[{"id":127151,"href":"https:\/\/diariodigitalmx.com\/index.php\/wp-json\/wp\/v2\/posts\/127150\/revisions\/127151"}],"wp:featuredmedia":[{"embeddable":true,"href":"https:\/\/diariodigitalmx.com\/index.php\/wp-json\/wp\/v2\/media\/126485"}],"wp:attachment":[{"href":"https:\/\/diariodigitalmx.com\/index.php\/wp-json\/wp\/v2\/media?parent=127150"}],"wp:term":[{"taxonomy":"category","embeddable":true,"href":"https:\/\/diariodigitalmx.com\/index.php\/wp-json\/wp\/v2\/categories?post=127150"},{"taxonomy":"post_tag","embeddable":true,"href":"https:\/\/diariodigitalmx.com\/index.php\/wp-json\/wp\/v2\/tags?post=127150"}],"curies":[{"name":"wp","href":"https:\/\/api.w.org\/{rel}","templated":true}]}}