{"id":127163,"date":"2024-11-18T13:30:00","date_gmt":"2024-11-18T19:30:00","guid":{"rendered":"https:\/\/diariodigitalmx.com\/?p=127163"},"modified":"2024-11-18T13:32:21","modified_gmt":"2024-11-18T19:32:21","slug":"presencia-y-vigilancia-de-la-guardia-estatal-en-centrales-de-autobuses","status":"publish","type":"post","link":"https:\/\/diariodigitalmx.com\/index.php\/2024\/11\/18\/presencia-y-vigilancia-de-la-guardia-estatal-en-centrales-de-autobuses\/","title":{"rendered":"Presencia y vigilancia de la Guardia Estatal en Centrales de Autobuses"},"content":{"rendered":"\n<p>*Por puente vacacional conmemorativo al aniversario de la Revoluci\u00f3n Mexicana, se intensifica la presencia y vigilancia<\/p>\n\n\n\n<p>Ciudad Victoria, Tamaulipas.- Con recorridos en andenes, zona de taquillas, pasillos y \u00e1reas aleda\u00f1as, el personal de la Guardia Estatal mantiene la vigilancia en Centrales de Autobuses de la entidad con el objetivo de reforzar la seguridad durante el puente vacacional conmemorativo del 114 aniversario de la Revoluci\u00f3n Mexicana.&nbsp;<\/p>\n\n\n\n<p>La finalidad es preservar la integridad de las y los tamaulipecos que utilizan este medio de transporte, mantener la paz p\u00fablica, prevenir, interceptar y disuadir actos delictivos y faltas administrativas al Bando de Polic\u00eda y Buen Gobierno.\u00a0<\/p>\n\n\n\n<figure class=\"wp-block-image size-large\"><img loading=\"lazy\" decoding=\"async\" width=\"1024\" height=\"768\" src=\"https:\/\/diariodigitalmx.com\/wp-content\/uploads\/2024\/11\/IMG-20241118-WA0046-1024x768.jpg\" alt=\"\" class=\"wp-image-127167\" srcset=\"https:\/\/diariodigitalmx.com\/wp-content\/uploads\/2024\/11\/IMG-20241118-WA0046-1024x768.jpg 1024w, https:\/\/diariodigitalmx.com\/wp-content\/uploads\/2024\/11\/IMG-20241118-WA0046-300x225.jpg 300w, https:\/\/diariodigitalmx.com\/wp-content\/uploads\/2024\/11\/IMG-20241118-WA0046-768x576.jpg 768w, https:\/\/diariodigitalmx.com\/wp-content\/uploads\/2024\/11\/IMG-20241118-WA0046.jpg 1080w\" sizes=\"(max-width: 1024px) 100vw, 1024px\" \/><\/figure>\n\n\n\n<p>Adem\u00e1s, se refuerza la cultura de la denuncia a trav\u00e9s del 911 y 089 de forma an\u00f3nima.\u00a0<\/p>\n\n\n\n<figure class=\"wp-block-gallery has-nested-images columns-default is-cropped wp-block-gallery-1 is-layout-flex wp-block-gallery-is-layout-flex\">\n<figure class=\"wp-block-image size-large\"><img loading=\"lazy\" decoding=\"async\" width=\"1024\" height=\"768\" data-id=\"127169\" src=\"https:\/\/diariodigitalmx.com\/wp-content\/uploads\/2024\/11\/IMG-20241118-WA0042-1024x768.jpg\" alt=\"\" class=\"wp-image-127169\" srcset=\"https:\/\/diariodigitalmx.com\/wp-content\/uploads\/2024\/11\/IMG-20241118-WA0042-1024x768.jpg 1024w, https:\/\/diariodigitalmx.com\/wp-content\/uploads\/2024\/11\/IMG-20241118-WA0042-300x225.jpg 300w, https:\/\/diariodigitalmx.com\/wp-content\/uploads\/2024\/11\/IMG-20241118-WA0042-768x576.jpg 768w, https:\/\/diariodigitalmx.com\/wp-content\/uploads\/2024\/11\/IMG-20241118-WA0042-1536x1152.jpg 1536w, https:\/\/diariodigitalmx.com\/wp-content\/uploads\/2024\/11\/IMG-20241118-WA0042.jpg 1600w\" sizes=\"(max-width: 1024px) 100vw, 1024px\" \/><\/figure>\n\n\n\n<figure class=\"wp-block-image size-large\"><img loading=\"lazy\" decoding=\"async\" width=\"1024\" height=\"682\" data-id=\"127168\" src=\"https:\/\/diariodigitalmx.com\/wp-content\/uploads\/2024\/11\/IMG-20241118-WA0045.jpg\" alt=\"\" class=\"wp-image-127168\" srcset=\"https:\/\/diariodigitalmx.com\/wp-content\/uploads\/2024\/11\/IMG-20241118-WA0045.jpg 1024w, https:\/\/diariodigitalmx.com\/wp-content\/uploads\/2024\/11\/IMG-20241118-WA0045-300x200.jpg 300w, https:\/\/diariodigitalmx.com\/wp-content\/uploads\/2024\/11\/IMG-20241118-WA0045-768x512.jpg 768w\" sizes=\"(max-width: 1024px) 100vw, 1024px\" \/><\/figure>\n<\/figure>\n\n\n\n<p>Cabe destacar, adicional a la presencia en interiores, se realizan recorridos de seguridad y vigilancia en calles aleda\u00f1as.&nbsp;<\/p>\n\n\n\n<p>Estas acciones se realizan en apego a los principios de legalidad, objetividad, eficiencia, profesionalismo y respeto a los Derechos Humanos.<\/p>\n","protected":false},"excerpt":{"rendered":"<p>*Por puente vacacional conmemorativo al aniversario de la Revoluci\u00f3n Mexicana, se intensifica la presencia y vigilancia Ciudad Victoria, Tamaulipas.- Con recorridos en andenes, zona de taquillas, pasillos y \u00e1reas aleda\u00f1as, el personal de la Guardia Estatal mantiene la vigilancia en Centrales de Autobuses de la entidad con el objetivo de reforzar la seguridad durante el [&hellip;]<\/p>\n","protected":false},"author":1,"featured_media":127165,"comment_status":"open","ping_status":"open","sticky":true,"template":"","format":"standard","meta":{"footnotes":""},"categories":[14,19],"tags":[],"_links":{"self":[{"href":"https:\/\/diariodigitalmx.com\/index.php\/wp-json\/wp\/v2\/posts\/127163"}],"collection":[{"href":"https:\/\/diariodigitalmx.com\/index.php\/wp-json\/wp\/v2\/posts"}],"about":[{"href":"https:\/\/diariodigitalmx.com\/index.php\/wp-json\/wp\/v2\/types\/post"}],"author":[{"embeddable":true,"href":"https:\/\/diariodigitalmx.com\/index.php\/wp-json\/wp\/v2\/users\/1"}],"replies":[{"embeddable":true,"href":"https:\/\/diariodigitalmx.com\/index.php\/wp-json\/wp\/v2\/comments?post=127163"}],"version-history":[{"count":2,"href":"https:\/\/diariodigitalmx.com\/index.php\/wp-json\/wp\/v2\/posts\/127163\/revisions"}],"predecessor-version":[{"id":127170,"href":"https:\/\/diariodigitalmx.com\/index.php\/wp-json\/wp\/v2\/posts\/127163\/revisions\/127170"}],"wp:featuredmedia":[{"embeddable":true,"href":"https:\/\/diariodigitalmx.com\/index.php\/wp-json\/wp\/v2\/media\/127165"}],"wp:attachment":[{"href":"https:\/\/diariodigitalmx.com\/index.php\/wp-json\/wp\/v2\/media?parent=127163"}],"wp:term":[{"taxonomy":"category","embeddable":true,"href":"https:\/\/diariodigitalmx.com\/index.php\/wp-json\/wp\/v2\/categories?post=127163"},{"taxonomy":"post_tag","embeddable":true,"href":"https:\/\/diariodigitalmx.com\/index.php\/wp-json\/wp\/v2\/tags?post=127163"}],"curies":[{"name":"wp","href":"https:\/\/api.w.org\/{rel}","templated":true}]}}