{"id":127255,"date":"2024-11-20T09:11:59","date_gmt":"2024-11-20T15:11:59","guid":{"rendered":"https:\/\/diariodigitalmx.com\/?p=127255"},"modified":"2024-11-20T09:14:18","modified_gmt":"2024-11-20T15:14:18","slug":"repicar-de-campanas","status":"publish","type":"post","link":"https:\/\/diariodigitalmx.com\/index.php\/2024\/11\/20\/repicar-de-campanas\/","title":{"rendered":"Repicar de campanas"},"content":{"rendered":"\n<p>De frente y de perfil&nbsp;<\/p>\n\n\n\n<p>Ram\u00f3n Zurita Sahag\u00fan&nbsp;<\/p>\n\n\n\n<p>Cuando las campanas ta\u00f1en hay que poner atenci\u00f3n en su repicar y escuchar su eco para entender el mensaje que env\u00edan.<\/p>\n\n\n\n<p>Hay quienes desoyen el tono y dejan pasar el mensaje, pero existen otros que ponen especial atenci\u00f3n en el llamado que se hace.<\/p>\n\n\n\n<p>En pol\u00edtica es muy importante leer entre l\u00edneas y saber como reaccionar cuando el llamado es de quien emite las palabras mayores y el tono en que las pronuncia.<\/p>\n\n\n\n<p>Son pocos los mensajes cr\u00edpticos, pero muy enf\u00e1ticos y se sabe sobre qui\u00e9n van dirigidos los dardos.<\/p>\n\n\n\n<p>La palabra mayor se pronuncia solamente una vez y despu\u00e9s de ello si no se reacciona vienen las acciones, algunas mayores, otras menores, pero ya sin amonestaciones de por medio.<\/p>\n\n\n\n<p>Depende del tipo de gobernante que las emite y del tono y el \u00e1mbito en que se pronuncie, pero de lo que es seguro es de que no habr\u00e1 una segunda admonici\u00f3n.<\/p>\n\n\n\n<p>La Presidenta Claudia Sheinbaum Pardo ha mostrado su peculiar estilo de gobernar, aunque no logra convencer todav\u00eda a ciertos sectores que todav\u00eda la contemplan como ejecutora de las palabras y acciones de quien le antecedi\u00f3 en la administraci\u00f3n p\u00fablica y hoy dedica su tiempo (asegur\u00f3 \u00e9l mismo) a la escritura de libros.<\/p>\n\n\n\n<p>Mucha tinta corre sobre d\u00f3nde se encuentra el anterior Presidente de M\u00e9xico y a qu\u00e9 dedica su tiempo libre, sin que nadie lo sepa con certeza, pero, eso s\u00ed, se le cargan todav\u00eda mucho de los eventos ocurridos en el pasado mes de octubre y los primeros 20 de noviembre, es decir los primeros 50 d\u00edas del gobierno de Sheinbaum Pardo.<\/p>\n\n\n\n<p>&nbsp;Ese sector de cr\u00edticos cree que Andr\u00e9s Manuel L\u00f3pez Obrador contin\u00faa ejerciendo el poder, como en el pasado lo intentaron tantos otros m\u00e1s que no tuvieron el final esperado.<\/p>\n\n\n\n<p>Desde los tiempos de fundaci\u00f3n del hoy alica\u00eddo partido tricolor, el creador de esa organizaci\u00f3n pol\u00edtica pudo manipular a tres de los primeros Presidentes surgidos de esa corriente (Emilio Portes Gil, Pascual Ortiz Rubio y Abelardo L. Rodr\u00edguez) pero top\u00f3 con pared con el cuarto, L\u00e1zaro C\u00e1rdenas, el que lo oblig\u00f3 a salir del pa\u00eds y refugiarse por 10 a\u00f1os en Estados Unidos. Calles crey\u00f3 tener todos los hilos en la mano y con sorpresa fue informado de su partida de M\u00e9xico.<\/p>\n\n\n\n<p>Los siguientes Presidentes decidieron actuar con plomo con sus sucesores y hasta obtuvieron nuevos cargos dentro de la administraci\u00f3n p\u00fablica federal. Peque\u00f1os, tal vez, pero que los mantuvieron ocupados.<\/p>\n\n\n\n<p>Luis Echeverr\u00eda no entendi\u00f3 aquella m\u00e1xima de Fidel Vel\u00e1zquez de que los expresidentes ya hab\u00edan bailado y ahora les tocaba quedarse sentados e intent\u00f3 continuar maniobrando en los tiempos de Jos\u00e9 L\u00f3pez Portillo mediante sus alfiles Porfirio Mu\u00f1oz Ledo y Augusto G\u00f3mez Villanueva, hasta que JOLOPO se hart\u00f3, mand\u00f3 a Echeverr\u00eda a las Islas Fiji y despidi\u00f3 a los otros dos de los cargos de secretario de Educaci\u00f3n P\u00fablica y l\u00edder de los diputados del PRI.<\/p>\n\n\n\n<p>Carlos Salinas intent\u00f3 usar sus influencias para entrometerse en asuntos que le correspond\u00edan a su sucesor, Ernesto Zedillo y la respuesta fue rotunda. Su hermano fue detenido y \u00e9l prefiri\u00f3 marcharse del pa\u00eds, luego de acusar a Zedillo de ser el culpable de la crisis de diciembre (el error de diciembre) sin el aval que buscaba para dirigir la OCDE.<\/p>\n\n\n\n<p>Despu\u00e9s de ello, nadie, hasta el momento, ha intentado interferir den la gesti\u00f3n administrativa de su sucesor.<\/p>\n\n\n\n<p>Se comienza apenas el nuevo sexenio y el car\u00e1cter de la Presidenta es una demostraci\u00f3n afable de un temperamento fuerte, por lo que habr\u00e1 que ver su desempe\u00f1o y lo templado que se mantiene en los pr\u00f3ximos cinco a\u00f1os y 10 meses.<\/p>\n","protected":false},"excerpt":{"rendered":"<p>De frente y de perfil&nbsp; Ram\u00f3n Zurita Sahag\u00fan&nbsp; Cuando las campanas ta\u00f1en hay que poner atenci\u00f3n en su repicar y escuchar su eco para entender el mensaje que env\u00edan. Hay quienes desoyen el tono y dejan pasar el mensaje, pero existen otros que ponen especial atenci\u00f3n en el llamado que se hace. En pol\u00edtica es [&hellip;]<\/p>\n","protected":false},"author":1,"featured_media":127257,"comment_status":"open","ping_status":"open","sticky":true,"template":"","format":"standard","meta":{"footnotes":""},"categories":[12,5],"tags":[],"_links":{"self":[{"href":"https:\/\/diariodigitalmx.com\/index.php\/wp-json\/wp\/v2\/posts\/127255"}],"collection":[{"href":"https:\/\/diariodigitalmx.com\/index.php\/wp-json\/wp\/v2\/posts"}],"about":[{"href":"https:\/\/diariodigitalmx.com\/index.php\/wp-json\/wp\/v2\/types\/post"}],"author":[{"embeddable":true,"href":"https:\/\/diariodigitalmx.com\/index.php\/wp-json\/wp\/v2\/users\/1"}],"replies":[{"embeddable":true,"href":"https:\/\/diariodigitalmx.com\/index.php\/wp-json\/wp\/v2\/comments?post=127255"}],"version-history":[{"count":1,"href":"https:\/\/diariodigitalmx.com\/index.php\/wp-json\/wp\/v2\/posts\/127255\/revisions"}],"predecessor-version":[{"id":127256,"href":"https:\/\/diariodigitalmx.com\/index.php\/wp-json\/wp\/v2\/posts\/127255\/revisions\/127256"}],"wp:featuredmedia":[{"embeddable":true,"href":"https:\/\/diariodigitalmx.com\/index.php\/wp-json\/wp\/v2\/media\/127257"}],"wp:attachment":[{"href":"https:\/\/diariodigitalmx.com\/index.php\/wp-json\/wp\/v2\/media?parent=127255"}],"wp:term":[{"taxonomy":"category","embeddable":true,"href":"https:\/\/diariodigitalmx.com\/index.php\/wp-json\/wp\/v2\/categories?post=127255"},{"taxonomy":"post_tag","embeddable":true,"href":"https:\/\/diariodigitalmx.com\/index.php\/wp-json\/wp\/v2\/tags?post=127255"}],"curies":[{"name":"wp","href":"https:\/\/api.w.org\/{rel}","templated":true}]}}