{"id":127419,"date":"2024-11-22T21:32:37","date_gmt":"2024-11-23T03:32:37","guid":{"rendered":"https:\/\/diariodigitalmx.com\/?p=127419"},"modified":"2024-11-22T21:34:19","modified_gmt":"2024-11-23T03:34:19","slug":"garantiza-issste-atencion-integral-para-atender-la-salud-mental","status":"publish","type":"post","link":"https:\/\/diariodigitalmx.com\/index.php\/2024\/11\/22\/garantiza-issste-atencion-integral-para-atender-la-salud-mental\/","title":{"rendered":"Garantiza Issste atenci\u00f3n integral para atender la salud mental"},"content":{"rendered":"\n<p>Ciudad de M\u00e9xico.- El Instituto de Seguridad y Servicios Sociales de los Trabajadores del Estado (Issste), garantiza un servicio integral a las y los derechohabientes, mediante la aplicaci\u00f3n del C\u00f3digo Morado, \u00e1rea de hospitalizaci\u00f3n y un nuevo M\u00f3dulo de Atenci\u00f3n en Salud Mental en el Hospital Regional \u201c1\u00b0 de Octubre\u201d.<\/p>\n\n\n\n<p>Para otorgar una adecuada valoraci\u00f3n, tratamiento y seguimiento a pacientes que requieran estos servicios, el director de la unidad m\u00e9dica, Edilberto Jim\u00e9nez Rend\u00f3n, destac\u00f3 que se implementa un protocolo \u00e1gil, eficaz y oportuno en el servicio de salud mental para todas las edades.<\/p>\n\n\n\n<p>A trav\u00e9s del M\u00f3dulo de Atenci\u00f3n en Salud Mental, de enero de 2024 a la fecha el Issste brind\u00f3 servicio a 5 mil 137 personas en psicolog\u00eda y 2 mil 947 en psiquiatr\u00eda para prevenir y dar seguimiento.<\/p>\n\n\n\n<p>Por su parte, el m\u00e9dico psiquiatra adscrito al Hospital Regional \u201c1\u00b0 de Octubre\u201d, Ricardo Guzm\u00e1n Aburto, inform\u00f3 que el m\u00f3dulo es un \u00e1rea especial para pacientes con alguna enfermedad mental, patolog\u00eda neurol\u00f3gica, entre otros padecimientos.<\/p>\n\n\n\n<figure class=\"wp-block-image size-large\"><img loading=\"lazy\" decoding=\"async\" width=\"1024\" height=\"682\" src=\"https:\/\/diariodigitalmx.com\/wp-content\/uploads\/2024\/11\/ISSSTE-4-1024x682.jpeg\" alt=\"\" class=\"wp-image-127422\" srcset=\"https:\/\/diariodigitalmx.com\/wp-content\/uploads\/2024\/11\/ISSSTE-4-1024x682.jpeg 1024w, https:\/\/diariodigitalmx.com\/wp-content\/uploads\/2024\/11\/ISSSTE-4-300x200.jpeg 300w, https:\/\/diariodigitalmx.com\/wp-content\/uploads\/2024\/11\/ISSSTE-4-768x512.jpeg 768w, https:\/\/diariodigitalmx.com\/wp-content\/uploads\/2024\/11\/ISSSTE-4-1536x1023.jpeg 1536w, https:\/\/diariodigitalmx.com\/wp-content\/uploads\/2024\/11\/ISSSTE-4.jpeg 1600w\" sizes=\"(max-width: 1024px) 100vw, 1024px\" \/><\/figure>\n\n\n\n<p>\u201cLa atenci\u00f3n es para todos los derechohabientes, y (para recibirla) tienen que acudir a su cl\u00ednica, a su unidad que le corresponde, donde sus m\u00e9dicos familiares pueden hacer la hoja de referencia, entonces son enviados aqu\u00ed al \u00e1rea de psiquiatr\u00eda y psicolog\u00eda\u201d, detall\u00f3 Guzm\u00e1n Aburto.<\/p>\n\n\n\n<p>La psic\u00f3loga adscrita al Hospital Regional \u201c1\u00b0 de Octubre\u201d, Cecilia Flores Mendieta, a\u00f1adi\u00f3 que el manejo integral de estos padecimientos, el cual se lleva a cabo mediante los procedimientos C\u00f3digo Morado, \u00e1rea de hospitalizaci\u00f3n y M\u00f3dulo de Atenci\u00f3n para la Salud Mental.<\/p>\n\n\n\n<p>El C\u00f3digo Morado consiste en recibir a pacientes con alguna alteraci\u00f3n en su salud mental. En este nivel son valorados por el equipo multidisciplinario, conformado por m\u00e9dico de urgencia, enfermer\u00eda, especialista y trabajador social, quienes determinan si se ofrece el servicio en \u00e1rea de urgencias o se requiere hospitalizaci\u00f3n.<\/p>\n\n\n\n<p>Respecto al \u00e1rea de hospitalizaci\u00f3n, el nosocomio cuenta con tres espacios para el servicio de salud mental, dos para adultos y uno en pediatr\u00eda. Est\u00e1n dise\u00f1ados para pacientes que sufren de alg\u00fan trastorno mental, por lo que cumplen con caracter\u00edsticas especiales para evitar cualquier riesgo de accidente.<\/p>\n\n\n\n<p>El M\u00f3dulo de Atenci\u00f3n para la Salud Mental est\u00e1 habilitado para dar seguimiento y prevenir reca\u00eddas en los casos que requieren fortalecer el proceso de recuperaci\u00f3n, a efecto de mantener un estado de salud satisfactorio.<\/p>\n","protected":false},"excerpt":{"rendered":"<p>Ciudad de M\u00e9xico.- El Instituto de Seguridad y Servicios Sociales de los Trabajadores del Estado (Issste), garantiza un servicio integral a las y los derechohabientes, mediante la aplicaci\u00f3n del C\u00f3digo Morado, \u00e1rea de hospitalizaci\u00f3n y un nuevo M\u00f3dulo de Atenci\u00f3n en Salud Mental en el Hospital Regional \u201c1\u00b0 de Octubre\u201d. Para otorgar una adecuada valoraci\u00f3n, [&hellip;]<\/p>\n","protected":false},"author":1,"featured_media":127421,"comment_status":"open","ping_status":"open","sticky":true,"template":"","format":"standard","meta":{"footnotes":""},"categories":[14,16],"tags":[],"_links":{"self":[{"href":"https:\/\/diariodigitalmx.com\/index.php\/wp-json\/wp\/v2\/posts\/127419"}],"collection":[{"href":"https:\/\/diariodigitalmx.com\/index.php\/wp-json\/wp\/v2\/posts"}],"about":[{"href":"https:\/\/diariodigitalmx.com\/index.php\/wp-json\/wp\/v2\/types\/post"}],"author":[{"embeddable":true,"href":"https:\/\/diariodigitalmx.com\/index.php\/wp-json\/wp\/v2\/users\/1"}],"replies":[{"embeddable":true,"href":"https:\/\/diariodigitalmx.com\/index.php\/wp-json\/wp\/v2\/comments?post=127419"}],"version-history":[{"count":2,"href":"https:\/\/diariodigitalmx.com\/index.php\/wp-json\/wp\/v2\/posts\/127419\/revisions"}],"predecessor-version":[{"id":127423,"href":"https:\/\/diariodigitalmx.com\/index.php\/wp-json\/wp\/v2\/posts\/127419\/revisions\/127423"}],"wp:featuredmedia":[{"embeddable":true,"href":"https:\/\/diariodigitalmx.com\/index.php\/wp-json\/wp\/v2\/media\/127421"}],"wp:attachment":[{"href":"https:\/\/diariodigitalmx.com\/index.php\/wp-json\/wp\/v2\/media?parent=127419"}],"wp:term":[{"taxonomy":"category","embeddable":true,"href":"https:\/\/diariodigitalmx.com\/index.php\/wp-json\/wp\/v2\/categories?post=127419"},{"taxonomy":"post_tag","embeddable":true,"href":"https:\/\/diariodigitalmx.com\/index.php\/wp-json\/wp\/v2\/tags?post=127419"}],"curies":[{"name":"wp","href":"https:\/\/api.w.org\/{rel}","templated":true}]}}