{"id":127475,"date":"2024-11-25T05:54:27","date_gmt":"2024-11-25T11:54:27","guid":{"rendered":"https:\/\/diariodigitalmx.com\/?p=127475"},"modified":"2024-11-25T05:56:13","modified_gmt":"2024-11-25T11:56:13","slug":"conmemora-monterrey-el-25n-dia-internacional-de-la-eliminacion-de-la-violencia-contra-las-mujeres","status":"publish","type":"post","link":"https:\/\/diariodigitalmx.com\/index.php\/2024\/11\/25\/conmemora-monterrey-el-25n-dia-internacional-de-la-eliminacion-de-la-violencia-contra-las-mujeres\/","title":{"rendered":"Conmemora Monterrey el 25N, D\u00eda Internacional de la Eliminaci\u00f3n de la Violencia contra las Mujeres"},"content":{"rendered":"\n<p>El Gobierno de Monterrey arranc\u00f3 el domingo la conmemoraci\u00f3n del D\u00eda Internacional de la Eliminaci\u00f3n de la Violencia contra las Mujeres que por disposici\u00f3n de la ONU se celebra cada a\u00f1o el 25 de noviembre.<\/p>\n\n\n\n<p>Como primera actividad se ofreci\u00f3 en el Parque Espa\u00f1a un taller para la defensa personal de las mujeres, con t\u00e9cnicas para responder y neutralizar potenciales agresores.<\/p>\n\n\n\n<figure class=\"wp-block-image size-large\"><img loading=\"lazy\" decoding=\"async\" width=\"1024\" height=\"576\" src=\"https:\/\/diariodigitalmx.com\/wp-content\/uploads\/2024\/11\/DEFENSA-PERSONAL-3-1024x576.jpg\" alt=\"\" class=\"wp-image-127478\" srcset=\"https:\/\/diariodigitalmx.com\/wp-content\/uploads\/2024\/11\/DEFENSA-PERSONAL-3-1024x576.jpg 1024w, https:\/\/diariodigitalmx.com\/wp-content\/uploads\/2024\/11\/DEFENSA-PERSONAL-3-300x169.jpg 300w, https:\/\/diariodigitalmx.com\/wp-content\/uploads\/2024\/11\/DEFENSA-PERSONAL-3-768x432.jpg 768w, https:\/\/diariodigitalmx.com\/wp-content\/uploads\/2024\/11\/DEFENSA-PERSONAL-3.jpg 1520w\" sizes=\"(max-width: 1024px) 100vw, 1024px\" \/><\/figure>\n\n\n\n<p>Los Institutos de la Juventud Regia (Injure), y de las Mujeres Regias (IMMR) convocaron a ni\u00f1as, adolescentes y adultas a que aprendieran formas de defenderse y al mismo tiempo se activaron con ejercicios al aire libre.<\/p>\n\n\n\n<p>En el taller denominado \u201cPoder en movimiento\u201d, estuvieron presentes las titulares de Injure, Maday Cant\u00fa; del IMMR Wendy Cordero; la secretaria de Desarrollo Humano e Igualdad Sustantiva municipal, Karina Barr\u00f3n; y la diputada federal Annia G\u00f3mez, entre otras participantes.<\/p>\n\n\n\n<figure class=\"wp-block-image size-large\"><img loading=\"lazy\" decoding=\"async\" width=\"1024\" height=\"576\" src=\"https:\/\/diariodigitalmx.com\/wp-content\/uploads\/2024\/11\/DEFENSA-PERSONAL-2-1024x576.jpg\" alt=\"\" class=\"wp-image-127481\" srcset=\"https:\/\/diariodigitalmx.com\/wp-content\/uploads\/2024\/11\/DEFENSA-PERSONAL-2-1024x576.jpg 1024w, https:\/\/diariodigitalmx.com\/wp-content\/uploads\/2024\/11\/DEFENSA-PERSONAL-2-300x169.jpg 300w, https:\/\/diariodigitalmx.com\/wp-content\/uploads\/2024\/11\/DEFENSA-PERSONAL-2-768x432.jpg 768w, https:\/\/diariodigitalmx.com\/wp-content\/uploads\/2024\/11\/DEFENSA-PERSONAL-2.jpg 1520w\" sizes=\"(max-width: 1024px) 100vw, 1024px\" \/><\/figure>\n\n\n\n<p>Los instructores de jiu jitsu les explicaron las formas para contrarrestar un ataque, cuando el agresor no respeta los l\u00edmites que le impone la persona amenazada, y puede escalar su forma de maltrato.<\/p>\n\n\n\n<p>Mediante ejercicios y ejemplos pr\u00e1cticos, todas avanzaron un paso en el empoderamiento personal.<\/p>\n\n\n\n<p>De acuerdo al INEGI, en M\u00e9xico 7 de cada 10 mujeres mayores de 15 a\u00f1os han sido violentadas de alguna manera. Las principales formas de violencia contra ellas son sexual y psicol\u00f3gica.<\/p>\n\n\n\n<p>Por la noche, el Palacio Municipal de ilumin\u00f3 de color naranja, que fue elegido por representar un futuro brillante y optimista sin violencia para el sexo femenino.<\/p>\n\n\n\n<p>Con el Palacio naranja el tambi\u00e9n llamado 25N busca concientizar y sensibilizar a la poblaci\u00f3n sobre la problem\u00e1tica de la violencia contra la mujer.<\/p>\n","protected":false},"excerpt":{"rendered":"<p>El Gobierno de Monterrey arranc\u00f3 el domingo la conmemoraci\u00f3n del D\u00eda Internacional de la Eliminaci\u00f3n de la Violencia contra las Mujeres que por disposici\u00f3n de la ONU se celebra cada a\u00f1o el 25 de noviembre. Como primera actividad se ofreci\u00f3 en el Parque Espa\u00f1a un taller para la defensa personal de las mujeres, con t\u00e9cnicas [&hellip;]<\/p>\n","protected":false},"author":1,"featured_media":127477,"comment_status":"open","ping_status":"open","sticky":true,"template":"","format":"standard","meta":{"footnotes":""},"categories":[6,5],"tags":[],"_links":{"self":[{"href":"https:\/\/diariodigitalmx.com\/index.php\/wp-json\/wp\/v2\/posts\/127475"}],"collection":[{"href":"https:\/\/diariodigitalmx.com\/index.php\/wp-json\/wp\/v2\/posts"}],"about":[{"href":"https:\/\/diariodigitalmx.com\/index.php\/wp-json\/wp\/v2\/types\/post"}],"author":[{"embeddable":true,"href":"https:\/\/diariodigitalmx.com\/index.php\/wp-json\/wp\/v2\/users\/1"}],"replies":[{"embeddable":true,"href":"https:\/\/diariodigitalmx.com\/index.php\/wp-json\/wp\/v2\/comments?post=127475"}],"version-history":[{"count":3,"href":"https:\/\/diariodigitalmx.com\/index.php\/wp-json\/wp\/v2\/posts\/127475\/revisions"}],"predecessor-version":[{"id":127482,"href":"https:\/\/diariodigitalmx.com\/index.php\/wp-json\/wp\/v2\/posts\/127475\/revisions\/127482"}],"wp:featuredmedia":[{"embeddable":true,"href":"https:\/\/diariodigitalmx.com\/index.php\/wp-json\/wp\/v2\/media\/127477"}],"wp:attachment":[{"href":"https:\/\/diariodigitalmx.com\/index.php\/wp-json\/wp\/v2\/media?parent=127475"}],"wp:term":[{"taxonomy":"category","embeddable":true,"href":"https:\/\/diariodigitalmx.com\/index.php\/wp-json\/wp\/v2\/categories?post=127475"},{"taxonomy":"post_tag","embeddable":true,"href":"https:\/\/diariodigitalmx.com\/index.php\/wp-json\/wp\/v2\/tags?post=127475"}],"curies":[{"name":"wp","href":"https:\/\/api.w.org\/{rel}","templated":true}]}}