{"id":127681,"date":"2024-11-27T23:14:18","date_gmt":"2024-11-28T05:14:18","guid":{"rendered":"https:\/\/diariodigitalmx.com\/?p=127681"},"modified":"2024-11-27T23:19:31","modified_gmt":"2024-11-28T05:19:31","slug":"vive-este-fin-de-semana-el-festival-del-tequila-y-el-mezcal-en-gonzalez-sectur","status":"publish","type":"post","link":"https:\/\/diariodigitalmx.com\/index.php\/2024\/11\/27\/vive-este-fin-de-semana-el-festival-del-tequila-y-el-mezcal-en-gonzalez-sectur\/","title":{"rendered":"Vive este fin de semana el Festival del Tequila y el Mezcal en Gonz\u00e1lez: Sectur"},"content":{"rendered":"\n<p>Ciudad Victoria, Tamaulipas.- En abierto impulso y promoci\u00f3n a la doble denominaci\u00f3n que tiene Tamaulipas, al contar con 11 municipios del estado con denominaci\u00f3n de origen del tequila y 11 de mezcal, surge el \u201cFestival del Teqzcal\u201d, en su primera edici\u00f3n.&nbsp;<\/p>\n\n\n\n<p>En rueda de prensa, en las oficinas de Turismo en la Torre Bicentenario de Ciudad Victoria, el secretario de Turismo en Tamaulipas, Benjam\u00edn Hern\u00e1ndez Rodr\u00edguez acompa\u00f1ado del presidente municipal de Gonz\u00e1lez, Miguel Alejandro Z\u00fa\u00f1iga Rodr\u00edguez inform\u00f3 el amplio programa de actividades que se realizar\u00e1n en este municipio, el 30 de noviembre y el 1 de diciembre.\u00a0<\/p>\n\n\n\n<figure class=\"wp-block-image size-large\"><img loading=\"lazy\" decoding=\"async\" width=\"1024\" height=\"768\" src=\"https:\/\/diariodigitalmx.com\/wp-content\/uploads\/2024\/11\/IMG-20241127-WA0150-1024x768.jpg\" alt=\"\" class=\"wp-image-127688\" srcset=\"https:\/\/diariodigitalmx.com\/wp-content\/uploads\/2024\/11\/IMG-20241127-WA0150-1024x768.jpg 1024w, https:\/\/diariodigitalmx.com\/wp-content\/uploads\/2024\/11\/IMG-20241127-WA0150-300x225.jpg 300w, https:\/\/diariodigitalmx.com\/wp-content\/uploads\/2024\/11\/IMG-20241127-WA0150-768x576.jpg 768w, https:\/\/diariodigitalmx.com\/wp-content\/uploads\/2024\/11\/IMG-20241127-WA0150-1536x1152.jpg 1536w, https:\/\/diariodigitalmx.com\/wp-content\/uploads\/2024\/11\/IMG-20241127-WA0150.jpg 1600w\" sizes=\"(max-width: 1024px) 100vw, 1024px\" \/><\/figure>\n\n\n\n<p>Afirmaron que es un festival que busca atraer turismo a la regi\u00f3n, dinamizar la econom\u00eda local y promover la riqueza de Gonz\u00e1lez y Tamaulipas, destacando la importancia del tequila y el mezcal como patrimonio de M\u00e9xico.&nbsp;<\/p>\n\n\n\n<p>Los municipios que cuentan con la denominaci\u00f3n de origen del tequila son: Altamira; Aldama; Gonz\u00e1lez; El Mante; Llera; Xicot\u00e9ncatl; G\u00f3mez Far\u00edas; Antiguo Morelos; Nuevo Morelos; Ocampo y Tula. Mientras que los que cuentan con denominaci\u00f3n del mezcal son: Miquihuana; Bustamante; Tula; Palmillas; Jaumave; M\u00e9ndez; Burgos; Cruillas; San Nicol\u00e1s; San Carlos y Jim\u00e9nez.\u00a0<\/p>\n\n\n\n<figure class=\"wp-block-gallery has-nested-images columns-default is-cropped wp-block-gallery-1 is-layout-flex wp-block-gallery-is-layout-flex\">\n<figure class=\"wp-block-image size-large\"><img loading=\"lazy\" decoding=\"async\" width=\"1024\" height=\"739\" data-id=\"127689\" src=\"https:\/\/diariodigitalmx.com\/wp-content\/uploads\/2024\/11\/IMG-20241127-WA0147-1024x739.jpg\" alt=\"\" class=\"wp-image-127689\" srcset=\"https:\/\/diariodigitalmx.com\/wp-content\/uploads\/2024\/11\/IMG-20241127-WA0147-1024x739.jpg 1024w, https:\/\/diariodigitalmx.com\/wp-content\/uploads\/2024\/11\/IMG-20241127-WA0147-300x217.jpg 300w, https:\/\/diariodigitalmx.com\/wp-content\/uploads\/2024\/11\/IMG-20241127-WA0147-768x554.jpg 768w, https:\/\/diariodigitalmx.com\/wp-content\/uploads\/2024\/11\/IMG-20241127-WA0147.jpg 1197w\" sizes=\"(max-width: 1024px) 100vw, 1024px\" \/><\/figure>\n\n\n\n<figure class=\"wp-block-image size-large\"><img loading=\"lazy\" decoding=\"async\" width=\"1024\" height=\"768\" data-id=\"127690\" src=\"https:\/\/diariodigitalmx.com\/wp-content\/uploads\/2024\/11\/IMG-20241127-WA0148-1024x768.jpg\" alt=\"\" class=\"wp-image-127690\" srcset=\"https:\/\/diariodigitalmx.com\/wp-content\/uploads\/2024\/11\/IMG-20241127-WA0148-1024x768.jpg 1024w, https:\/\/diariodigitalmx.com\/wp-content\/uploads\/2024\/11\/IMG-20241127-WA0148-300x225.jpg 300w, https:\/\/diariodigitalmx.com\/wp-content\/uploads\/2024\/11\/IMG-20241127-WA0148-768x576.jpg 768w, https:\/\/diariodigitalmx.com\/wp-content\/uploads\/2024\/11\/IMG-20241127-WA0148.jpg 1280w\" sizes=\"(max-width: 1024px) 100vw, 1024px\" \/><\/figure>\n<\/figure>\n\n\n\n<p>Hern\u00e1ndez Rodr\u00edguez destac\u00f3 que se espera una afluencia superior a las 2 mil 500 personas y una derrama econ\u00f3mica de 1.5 millones de pesos; asimismo se contar\u00e1 con&nbsp; la participaci\u00f3n de las marcas de tequila y mezcal del estado.&nbsp;<\/p>\n\n\n\n<p>\u201cEl programa combina el encanto del tequila y el mezcal con expresiones art\u00edsticas, gastronom\u00eda y folklore, brindando una experiencia llena de sabor, m\u00fasica y tradici\u00f3n para todas las edades\u201d, explic\u00f3.&nbsp;<\/p>\n\n\n\n<p>Por su parte, Z\u00fa\u00f1iga Rodr\u00edguez agradeci\u00f3 la mano amiga del Gobierno de Tamaulipas que est\u00e1 fortaleciendo y potencializando el turismo en todos los municipios, promoviendo las bondades del estado<\/p>\n","protected":false},"excerpt":{"rendered":"<p>Ciudad Victoria, Tamaulipas.- En abierto impulso y promoci\u00f3n a la doble denominaci\u00f3n que tiene Tamaulipas, al contar con 11 municipios del estado con denominaci\u00f3n de origen del tequila y 11 de mezcal, surge el \u201cFestival del Teqzcal\u201d, en su primera edici\u00f3n.&nbsp; En rueda de prensa, en las oficinas de Turismo en la Torre Bicentenario de [&hellip;]<\/p>\n","protected":false},"author":1,"featured_media":127686,"comment_status":"open","ping_status":"open","sticky":true,"template":"","format":"standard","meta":{"footnotes":""},"categories":[5,17],"tags":[],"_links":{"self":[{"href":"https:\/\/diariodigitalmx.com\/index.php\/wp-json\/wp\/v2\/posts\/127681"}],"collection":[{"href":"https:\/\/diariodigitalmx.com\/index.php\/wp-json\/wp\/v2\/posts"}],"about":[{"href":"https:\/\/diariodigitalmx.com\/index.php\/wp-json\/wp\/v2\/types\/post"}],"author":[{"embeddable":true,"href":"https:\/\/diariodigitalmx.com\/index.php\/wp-json\/wp\/v2\/users\/1"}],"replies":[{"embeddable":true,"href":"https:\/\/diariodigitalmx.com\/index.php\/wp-json\/wp\/v2\/comments?post=127681"}],"version-history":[{"count":2,"href":"https:\/\/diariodigitalmx.com\/index.php\/wp-json\/wp\/v2\/posts\/127681\/revisions"}],"predecessor-version":[{"id":127691,"href":"https:\/\/diariodigitalmx.com\/index.php\/wp-json\/wp\/v2\/posts\/127681\/revisions\/127691"}],"wp:featuredmedia":[{"embeddable":true,"href":"https:\/\/diariodigitalmx.com\/index.php\/wp-json\/wp\/v2\/media\/127686"}],"wp:attachment":[{"href":"https:\/\/diariodigitalmx.com\/index.php\/wp-json\/wp\/v2\/media?parent=127681"}],"wp:term":[{"taxonomy":"category","embeddable":true,"href":"https:\/\/diariodigitalmx.com\/index.php\/wp-json\/wp\/v2\/categories?post=127681"},{"taxonomy":"post_tag","embeddable":true,"href":"https:\/\/diariodigitalmx.com\/index.php\/wp-json\/wp\/v2\/tags?post=127681"}],"curies":[{"name":"wp","href":"https:\/\/api.w.org\/{rel}","templated":true}]}}