{"id":127716,"date":"2024-11-28T19:25:30","date_gmt":"2024-11-29T01:25:30","guid":{"rendered":"https:\/\/diariodigitalmx.com\/?p=127716"},"modified":"2024-11-28T19:27:21","modified_gmt":"2024-11-29T01:27:21","slug":"muere-silvia-pinal","status":"publish","type":"post","link":"https:\/\/diariodigitalmx.com\/index.php\/2024\/11\/28\/muere-silvia-pinal\/","title":{"rendered":"Muere Silvia Pinal"},"content":{"rendered":"\n<figure class=\"wp-block-image size-full\"><img loading=\"lazy\" decoding=\"async\" width=\"259\" height=\"194\" src=\"https:\/\/diariodigitalmx.com\/wp-content\/uploads\/2024\/11\/images-9.jpeg\" alt=\"\" class=\"wp-image-127719\"\/><\/figure>\n\n\n\n<p>CDMX.  &#8211; La \u00faltima diva del cine nacional, falleci\u00f3 este jueves a los 93 a\u00f1os de edad luego de estar hospitalizada una semana, confirm\u00f3 Televisa, la televisora donde trabaj\u00f3 por 70 a\u00f1os.<\/p>\n\n\n\n<p>&#8220;Nos sumamos a la pena que embarga a la familia de nuestra querida compa\u00f1era. Todos la echaremos de menos y con su partida se cierra uno de los grandes ciclos del entretenimiento en M\u00e9xico. Que su legado y esp\u00edritu inquieto nos siga inspirando para llevar lo mejor de M\u00e9xico al mundo&#8221;, se\u00f1ala el comunicado de Televisa Univisi\u00f3n.<\/p>\n\n\n\n<figure class=\"wp-block-image size-large\"><img loading=\"lazy\" decoding=\"async\" width=\"1024\" height=\"1024\" src=\"https:\/\/diariodigitalmx.com\/wp-content\/uploads\/2024\/11\/IMG_20241128_190028_680-1024x1024.webp\" alt=\"\" class=\"wp-image-127721\" srcset=\"https:\/\/diariodigitalmx.com\/wp-content\/uploads\/2024\/11\/IMG_20241128_190028_680-1024x1024.webp 1024w, https:\/\/diariodigitalmx.com\/wp-content\/uploads\/2024\/11\/IMG_20241128_190028_680-300x300.webp 300w, https:\/\/diariodigitalmx.com\/wp-content\/uploads\/2024\/11\/IMG_20241128_190028_680-150x150.webp 150w, https:\/\/diariodigitalmx.com\/wp-content\/uploads\/2024\/11\/IMG_20241128_190028_680-768x768.webp 768w, https:\/\/diariodigitalmx.com\/wp-content\/uploads\/2024\/11\/IMG_20241128_190028_680.webp 1080w\" sizes=\"(max-width: 1024px) 100vw, 1024px\" \/><\/figure>\n\n\n\n<p>Muy a gusto con su vida y orgullosa con sus logros, as\u00ed es como Silvia Pinal se describ\u00eda a s\u00ed misma. Y es que desde que inici\u00f3 su carrera como actriz en 1949, no dej\u00f3 de trabajar, su paso por el cine de oro la catapult\u00f3 como una de las m\u00e1ximas divas de M\u00e9xico, permiti\u00e9ndole participar en teatro, telenovelas, y encabezar durante 20 a\u00f1os el programa Mujer, casos de la vida real.<\/p>\n\n\n\n<p>Silvia Pinal naci\u00f3 en Guaymas, Sonora, el 12 de septiembre de 1931, y desde ni\u00f1a sinti\u00f3 inter\u00e9s por el arte.<\/p>\n","protected":false},"excerpt":{"rendered":"<p>CDMX. &#8211; La \u00faltima diva del cine nacional, falleci\u00f3 este jueves a los 93 a\u00f1os de edad luego de estar hospitalizada una semana, confirm\u00f3 Televisa, la televisora donde trabaj\u00f3 por 70 a\u00f1os. &#8220;Nos sumamos a la pena que embarga a la familia de nuestra querida compa\u00f1era. Todos la echaremos de menos y con su partida [&hellip;]<\/p>\n","protected":false},"author":1,"featured_media":127718,"comment_status":"open","ping_status":"open","sticky":true,"template":"","format":"standard","meta":{"footnotes":""},"categories":[2,3,5],"tags":[],"_links":{"self":[{"href":"https:\/\/diariodigitalmx.com\/index.php\/wp-json\/wp\/v2\/posts\/127716"}],"collection":[{"href":"https:\/\/diariodigitalmx.com\/index.php\/wp-json\/wp\/v2\/posts"}],"about":[{"href":"https:\/\/diariodigitalmx.com\/index.php\/wp-json\/wp\/v2\/types\/post"}],"author":[{"embeddable":true,"href":"https:\/\/diariodigitalmx.com\/index.php\/wp-json\/wp\/v2\/users\/1"}],"replies":[{"embeddable":true,"href":"https:\/\/diariodigitalmx.com\/index.php\/wp-json\/wp\/v2\/comments?post=127716"}],"version-history":[{"count":2,"href":"https:\/\/diariodigitalmx.com\/index.php\/wp-json\/wp\/v2\/posts\/127716\/revisions"}],"predecessor-version":[{"id":127722,"href":"https:\/\/diariodigitalmx.com\/index.php\/wp-json\/wp\/v2\/posts\/127716\/revisions\/127722"}],"wp:featuredmedia":[{"embeddable":true,"href":"https:\/\/diariodigitalmx.com\/index.php\/wp-json\/wp\/v2\/media\/127718"}],"wp:attachment":[{"href":"https:\/\/diariodigitalmx.com\/index.php\/wp-json\/wp\/v2\/media?parent=127716"}],"wp:term":[{"taxonomy":"category","embeddable":true,"href":"https:\/\/diariodigitalmx.com\/index.php\/wp-json\/wp\/v2\/categories?post=127716"},{"taxonomy":"post_tag","embeddable":true,"href":"https:\/\/diariodigitalmx.com\/index.php\/wp-json\/wp\/v2\/tags?post=127716"}],"curies":[{"name":"wp","href":"https:\/\/api.w.org\/{rel}","templated":true}]}}