{"id":127766,"date":"2024-11-28T23:25:19","date_gmt":"2024-11-29T05:25:19","guid":{"rendered":"https:\/\/diariodigitalmx.com\/?p=127766"},"modified":"2024-11-29T01:18:00","modified_gmt":"2024-11-29T07:18:00","slug":"alcaldes-son-manejados-por-personajes-fantasma-y-diputados-opositores-quieren-reventar-el-presupuesto-atiza-samuel-garcia","status":"publish","type":"post","link":"https:\/\/diariodigitalmx.com\/index.php\/2024\/11\/28\/alcaldes-son-manejados-por-personajes-fantasma-y-diputados-opositores-quieren-reventar-el-presupuesto-atiza-samuel-garcia\/","title":{"rendered":"Alcaldes son manejados por personajes fantasma y diputados opositores quieren reventar el presupuesto, atiza Samuel Garc\u00eda"},"content":{"rendered":"\n<p>El gobernador de Nuevo Le\u00f3n reproch\u00f3 que los legisladores hayan autorizado un alza del cinco por ciento a las participaciones a los municipios al aprobar modificaciones a <strong>la Ley de Coordinaci\u00f3n Hacendaria<\/strong>.<\/p>\n\n\n\n<p>&#8220;Llevamos tres meses en que el<strong>&nbsp;Gobierno del Estado<\/strong>&nbsp;ha puesto toda la voluntad, todo el empe\u00f1o, todas las ganas de que haya de nuevo di\u00e1logo, y sinceramente no vemos ni un gui\u00f1o ni una se\u00f1al, ni una&#8221;, mencion\u00f3.<\/p>\n\n\n\n<p>&#8220;Lo que hicieron en el Congreso no solo es irresponsable, es imposible, yo veo como queriendo reventarlo, no me explico otro argumento de por qu\u00e9 hacer esa subida tan abrupta que aparte es ilegal&#8221;, acus\u00f3.<\/p>\n\n\n\n<p>El gobernador habl\u00f3 as\u00ed en un evento de la plataforma C\u00f3mo Vamos Nuevo Le\u00f3n y agreg\u00f3: &#8220;Fue un a\u00f1o altamente politizado, desgraciadamente lo electoral perme\u00f3 y asumimos nuestra responsabilidad&#8221;.<\/p>\n\n\n\n<p>Y luego acus\u00f3 a los Alcaldes opositores al partido oficial de ser manejados por personajes fantasmas de una mesa, pues los ediles le responden que tiene que negociar con mesa pol\u00edtica cuando \u00e9l quiere llegar a acuerdos.<\/p>\n\n\n\n<p>&#8220;La respuesta es que hay una mesa que decide todo. No es el Alcalde, no es el Diputado el que negocia, es una mesa donde muchos ni son autoridades p\u00fablicas, entonces, \u00bfcon qui\u00e9n quieren que negocie el Gobernador? \u00bfcon una mesa fantasma, oculta, o con Alcaldes y Diputados?&#8221;<br><br><br><\/p>\n","protected":false},"excerpt":{"rendered":"<p>El gobernador de Nuevo Le\u00f3n reproch\u00f3 que los legisladores hayan autorizado un alza del cinco por ciento a las participaciones a los municipios al aprobar modificaciones a la Ley de Coordinaci\u00f3n Hacendaria. &#8220;Llevamos tres meses en que el&nbsp;Gobierno del Estado&nbsp;ha puesto toda la voluntad, todo el empe\u00f1o, todas las ganas de que haya de nuevo [&hellip;]<\/p>\n","protected":false},"author":1,"featured_media":127768,"comment_status":"open","ping_status":"open","sticky":true,"template":"","format":"standard","meta":{"footnotes":""},"categories":[6,3,5],"tags":[],"_links":{"self":[{"href":"https:\/\/diariodigitalmx.com\/index.php\/wp-json\/wp\/v2\/posts\/127766"}],"collection":[{"href":"https:\/\/diariodigitalmx.com\/index.php\/wp-json\/wp\/v2\/posts"}],"about":[{"href":"https:\/\/diariodigitalmx.com\/index.php\/wp-json\/wp\/v2\/types\/post"}],"author":[{"embeddable":true,"href":"https:\/\/diariodigitalmx.com\/index.php\/wp-json\/wp\/v2\/users\/1"}],"replies":[{"embeddable":true,"href":"https:\/\/diariodigitalmx.com\/index.php\/wp-json\/wp\/v2\/comments?post=127766"}],"version-history":[{"count":1,"href":"https:\/\/diariodigitalmx.com\/index.php\/wp-json\/wp\/v2\/posts\/127766\/revisions"}],"predecessor-version":[{"id":127767,"href":"https:\/\/diariodigitalmx.com\/index.php\/wp-json\/wp\/v2\/posts\/127766\/revisions\/127767"}],"wp:featuredmedia":[{"embeddable":true,"href":"https:\/\/diariodigitalmx.com\/index.php\/wp-json\/wp\/v2\/media\/127768"}],"wp:attachment":[{"href":"https:\/\/diariodigitalmx.com\/index.php\/wp-json\/wp\/v2\/media?parent=127766"}],"wp:term":[{"taxonomy":"category","embeddable":true,"href":"https:\/\/diariodigitalmx.com\/index.php\/wp-json\/wp\/v2\/categories?post=127766"},{"taxonomy":"post_tag","embeddable":true,"href":"https:\/\/diariodigitalmx.com\/index.php\/wp-json\/wp\/v2\/tags?post=127766"}],"curies":[{"name":"wp","href":"https:\/\/api.w.org\/{rel}","templated":true}]}}