{"id":127984,"date":"2024-12-02T20:13:07","date_gmt":"2024-12-03T02:13:07","guid":{"rendered":"https:\/\/diariodigitalmx.com\/?p=127984"},"modified":"2024-12-02T20:18:17","modified_gmt":"2024-12-03T02:18:17","slug":"vive-prepa-2-fiesta-de-arte-y-cultura","status":"publish","type":"post","link":"https:\/\/diariodigitalmx.com\/index.php\/2024\/12\/02\/vive-prepa-2-fiesta-de-arte-y-cultura\/","title":{"rendered":"\u00a1Vive Prepa 2 fiesta de arte y cultura!"},"content":{"rendered":"\n<p>Por: Ra\u00fal E. Guevara\/Prensa Prepa 2.- El orgullo de ver a sus hijos actuar en uno de los recintos culturales m\u00e1s emblem\u00e1ticos del estado, signific\u00f3 para un gran n\u00famero de padres de familia una emoci\u00f3n transformada en emotivas porras y palabras de aliento, dentro del Cierre de Actividades Semestral de los Talleres Culturales de la Preparatoria N\u00b0 2 de la Universidad Aut\u00f3noma de Nuevo Le\u00f3n.<br>La \u201cfiesta de arte y cultural\u201d de los Vaqueros del Obispado, se vivi\u00f3 intensamente la tarde del pasado s\u00e1bado 30 de noviembre en las instalaciones de Colegio Civil y el Aula Magna, m\u00e1ximos recintos culturales de la UANL.<br>M\u00e1s de 300 estudiantes, integrantes de las m\u00e1s de 15 disciplinas formadoras de nuevas generaciones de exponentes del arte, la danza y cultura, como ya es tradicional en esta instituci\u00f3n educativa de nivel medio superior universitario, expusieron en un amplio programa lo aprendido a lo largo del semestre agosto-diciembre del 2024.<\/p>\n\n\n\n<figure class=\"wp-block-image size-large\"><img loading=\"lazy\" decoding=\"async\" width=\"1024\" height=\"683\" src=\"https:\/\/diariodigitalmx.com\/wp-content\/uploads\/2024\/12\/IMG_8503-1024x683.jpg\" alt=\"\" class=\"wp-image-127988\" srcset=\"https:\/\/diariodigitalmx.com\/wp-content\/uploads\/2024\/12\/IMG_8503-1024x683.jpg 1024w, https:\/\/diariodigitalmx.com\/wp-content\/uploads\/2024\/12\/IMG_8503-300x200.jpg 300w, https:\/\/diariodigitalmx.com\/wp-content\/uploads\/2024\/12\/IMG_8503-768x512.jpg 768w, https:\/\/diariodigitalmx.com\/wp-content\/uploads\/2024\/12\/IMG_8503-1536x1024.jpg 1536w, https:\/\/diariodigitalmx.com\/wp-content\/uploads\/2024\/12\/IMG_8503-2048x1365.jpg 2048w\" sizes=\"(max-width: 1024px) 100vw, 1024px\" \/><\/figure>\n\n\n\n<p>La extensa agenda de actividades, dio inicio con la inauguraci\u00f3n de la exposici\u00f3n de la galer\u00eda de pintura, dibujo, arte digital y couchete por parte de la Maestra en Administraci\u00f3n Brenda Gonz\u00e1lez Rodr\u00edguez, subdirectora Administrativa de la Prepa 2, quien representaci\u00f3n del M.E.S. Oscar Cort\u00e9s Torres, director de la instituci\u00f3n, realiz\u00f3 el recorrido por las exposiciones y posteriormente encabez\u00f3 el programa dise\u00f1ado por el Departamento de Difusi\u00f3n Cultural, responsable de los distintos Talleres participantes,<br>La apertura de la actividades dentro del Aula Magna, corri\u00f3 a cargo de parte de la Banda de Guerra estudiantil, seguida de la participaci\u00f3n los integrantes de los diferentes grupos de g\u00e9neros del Taller de M\u00fasica, el ambiente navide\u00f1o permeo el recinto con la presentaci\u00f3n de la Pastorela Navide\u00f1a a cargo del taller de Teatro.<br>La majestuosa participaci\u00f3n de la Orquesta Juvenil Estudiantil de la Prepa 2, traslad\u00f3 a los asistentes, a los grandes recintos de la m\u00fasica cl\u00e1sica mundial, en esta ocasi\u00f3n interpretadas por j\u00f3venes bachilleres.<\/p>\n\n\n\n<figure class=\"wp-block-image size-large\"><img loading=\"lazy\" decoding=\"async\" width=\"1024\" height=\"683\" src=\"https:\/\/diariodigitalmx.com\/wp-content\/uploads\/2024\/12\/IMG_2339-1024x683.jpg\" alt=\"\" class=\"wp-image-127989\" srcset=\"https:\/\/diariodigitalmx.com\/wp-content\/uploads\/2024\/12\/IMG_2339-1024x683.jpg 1024w, https:\/\/diariodigitalmx.com\/wp-content\/uploads\/2024\/12\/IMG_2339-300x200.jpg 300w, https:\/\/diariodigitalmx.com\/wp-content\/uploads\/2024\/12\/IMG_2339-768x512.jpg 768w, https:\/\/diariodigitalmx.com\/wp-content\/uploads\/2024\/12\/IMG_2339-1536x1024.jpg 1536w, https:\/\/diariodigitalmx.com\/wp-content\/uploads\/2024\/12\/IMG_2339-2048x1365.jpg 2048w\" sizes=\"(max-width: 1024px) 100vw, 1024px\" \/><\/figure>\n\n\n\n<p>La improvisaci\u00f3n de la palabra y la interpretaci\u00f3n se manifest\u00f3 plenamente con la actuaci\u00f3n de los integrantes del Faro Lector, quienes basados en su amplia imaginaci\u00f3n despertada a trav\u00e9s de la lectura, dieron vida a los temas surgidos de los asistentes al evento.<\/p>\n\n\n\n<figure class=\"wp-block-image size-large\"><img loading=\"lazy\" decoding=\"async\" width=\"1024\" height=\"683\" src=\"https:\/\/diariodigitalmx.com\/wp-content\/uploads\/2024\/12\/IMG_8439-1024x683.jpg\" alt=\"\" class=\"wp-image-127990\" srcset=\"https:\/\/diariodigitalmx.com\/wp-content\/uploads\/2024\/12\/IMG_8439-1024x683.jpg 1024w, https:\/\/diariodigitalmx.com\/wp-content\/uploads\/2024\/12\/IMG_8439-300x200.jpg 300w, https:\/\/diariodigitalmx.com\/wp-content\/uploads\/2024\/12\/IMG_8439-768x512.jpg 768w, https:\/\/diariodigitalmx.com\/wp-content\/uploads\/2024\/12\/IMG_8439-1536x1024.jpg 1536w, https:\/\/diariodigitalmx.com\/wp-content\/uploads\/2024\/12\/IMG_8439-2048x1365.jpg 2048w\" sizes=\"(max-width: 1024px) 100vw, 1024px\" \/><\/figure>\n\n\n\n<p>La danza urbana y folcl\u00f3rica, dos g\u00e9neros ampliamente solicitados por la comunidad estudiantil de la Preparatoria 2 hicieron su presentaci\u00f3n en el legendario espacio cultural de la UANL, con interpretaciones llenas de vida.<br>Al final de la jornada, las felicitaciones, sonrisas y muestras de orgullo de los padres de familia de los estudiantes se hicieron patentes en la Sala de Espera de Colegio Civil, lugar donde muchos asombrados comentaron que siempre pensaron que la Prepa 2 \u201cera solo para los deportistas\u201d y que lo vivido con sus hijos los llev\u00f3 a otra realidad\u2026 la que la UANL es tambi\u00e9n recinto de la educaci\u00f3n, la ciencia, el deporte, el arte y la cultura en todos sus recintos educativos.<\/p>\n","protected":false},"excerpt":{"rendered":"<p>Por: Ra\u00fal E. Guevara\/Prensa Prepa 2.- El orgullo de ver a sus hijos actuar en uno de los recintos culturales m\u00e1s emblem\u00e1ticos del estado, signific\u00f3 para un gran n\u00famero de padres de familia una emoci\u00f3n transformada en emotivas porras y palabras de aliento, dentro del Cierre de Actividades Semestral de los Talleres Culturales de la [&hellip;]<\/p>\n","protected":false},"author":1,"featured_media":127986,"comment_status":"open","ping_status":"open","sticky":true,"template":"","format":"standard","meta":{"footnotes":""},"categories":[11,5],"tags":[],"_links":{"self":[{"href":"https:\/\/diariodigitalmx.com\/index.php\/wp-json\/wp\/v2\/posts\/127984"}],"collection":[{"href":"https:\/\/diariodigitalmx.com\/index.php\/wp-json\/wp\/v2\/posts"}],"about":[{"href":"https:\/\/diariodigitalmx.com\/index.php\/wp-json\/wp\/v2\/types\/post"}],"author":[{"embeddable":true,"href":"https:\/\/diariodigitalmx.com\/index.php\/wp-json\/wp\/v2\/users\/1"}],"replies":[{"embeddable":true,"href":"https:\/\/diariodigitalmx.com\/index.php\/wp-json\/wp\/v2\/comments?post=127984"}],"version-history":[{"count":3,"href":"https:\/\/diariodigitalmx.com\/index.php\/wp-json\/wp\/v2\/posts\/127984\/revisions"}],"predecessor-version":[{"id":127993,"href":"https:\/\/diariodigitalmx.com\/index.php\/wp-json\/wp\/v2\/posts\/127984\/revisions\/127993"}],"wp:featuredmedia":[{"embeddable":true,"href":"https:\/\/diariodigitalmx.com\/index.php\/wp-json\/wp\/v2\/media\/127986"}],"wp:attachment":[{"href":"https:\/\/diariodigitalmx.com\/index.php\/wp-json\/wp\/v2\/media?parent=127984"}],"wp:term":[{"taxonomy":"category","embeddable":true,"href":"https:\/\/diariodigitalmx.com\/index.php\/wp-json\/wp\/v2\/categories?post=127984"},{"taxonomy":"post_tag","embeddable":true,"href":"https:\/\/diariodigitalmx.com\/index.php\/wp-json\/wp\/v2\/tags?post=127984"}],"curies":[{"name":"wp","href":"https:\/\/api.w.org\/{rel}","templated":true}]}}