{"id":127994,"date":"2024-12-02T20:28:15","date_gmt":"2024-12-03T02:28:15","guid":{"rendered":"https:\/\/diariodigitalmx.com\/?p=127994"},"modified":"2024-12-02T20:29:03","modified_gmt":"2024-12-03T02:29:03","slug":"los-macurichos-guardianes-del-mezcal-de-oaxaca-tienen-la-mirada-puesta-en-compartir-con-el-mundo-la-esencia-de-este-destilado","status":"publish","type":"post","link":"https:\/\/diariodigitalmx.com\/index.php\/2024\/12\/02\/los-macurichos-guardianes-del-mezcal-de-oaxaca-tienen-la-mirada-puesta-en-compartir-con-el-mundo-la-esencia-de-este-destilado\/","title":{"rendered":"Los Macurichos: guardianes del mezcal de Oaxaca tienen la mirada puesta en compartir con el mundo la esencia de este destilado"},"content":{"rendered":"\n<p>En Oaxaca, los maestros mezcaleros libran una lucha diaria por mantener viva una tradici\u00f3n que ahora est\u00e1 en peligro de desaparecer debido a plagas ocasionadas por los monocultivos, implementos qu\u00edmicos que empobrecen la tierra, falta de agua con los cambios clim\u00e1ticos, saturaci\u00f3n del mercado, y criterios laxos para la obtenci\u00f3n de denominaciones de origen dentro de M\u00e9xico y fuera de el que amenazan con desdibujar su identidad.<\/p>\n\n\n\n<p>Las cifras no mienten. En 2023, la producci\u00f3n de mezcal registr\u00f3 un decremento del 13.60%, respecto al a\u00f1o anterior, seg\u00fan el Consejo Mexicano Regulador de la Calidad del Mezcal (COMERCAM). Adem\u00e1s, la categor\u00eda de mezcal ancestral represent\u00f3 apenas el 0.35% de la producci\u00f3n total, reflejando su limitada participaci\u00f3n en el mercado.<\/p>\n\n\n\n<p>Insectos barrenadores y la pudri ok ci\u00f3n seca comprometen las cosechas de agave en algunas regiones. A esto se suman las pr\u00e1cticas agr\u00edcolas que se concentran en una sola especie vegetal y el uso intensivo de qu\u00edmicos, que desequilibran los ecosistemas, erosionan el suelo y ponen en riesgo la sostenibilidad de la industria.<\/p>\n\n\n\n<p>\u201cNosotros nadamos como siempre a contracorriente. En 15 a\u00f1os nos han ofrecido maquilar cientos de proyectos, pero preferimos mantenernos fieles a nuestra esencia: poco mezcal pero aut\u00e9ntico, sin qu\u00edmicos ni herbicidas y con magueyes maduros\u201d, afirma Gonzalo Mart\u00ednez Serna, representante de Los Macurichos, una familia de mezcaleros de Oaxaca que se ha convertido en s\u00edmbolo de resistencia y resiliencia.<\/p>\n\n\n\n<p>Adem\u00e1s, la denominaci\u00f3n de origen del mezcal, pensada para proteger su autenticidad, enfrenta serias inconsistencias, pues, aunque deber\u00eda garantizar que el producto respete la tradici\u00f3n y los procesos ancestrales, en muchos casos se otorga sin cumplir estos est\u00e1ndares. El mezcal, dice Mart\u00ednez, como muchos otros rubros en el pa\u00eds, no se escapa de la corrupci\u00f3n.<\/p>\n\n\n\n<p>A pesar de estas adversidades, la familia de Los Macurichos sigue apostando por su pasi\u00f3n. \u201cNo basta con que un pueblo en la sierra produzca mezcal; tiene que haber una historia detr\u00e1s, una conexi\u00f3n con la tierra y con los ancestros\u201d, a\u00f1ade Gonzalo.<\/p>\n","protected":false},"excerpt":{"rendered":"<p>En Oaxaca, los maestros mezcaleros libran una lucha diaria por mantener viva una tradici\u00f3n que ahora est\u00e1 en peligro de desaparecer debido a plagas ocasionadas por los monocultivos, implementos qu\u00edmicos que empobrecen la tierra, falta de agua con los cambios clim\u00e1ticos, saturaci\u00f3n del mercado, y criterios laxos para la obtenci\u00f3n de denominaciones de origen dentro [&hellip;]<\/p>\n","protected":false},"author":1,"featured_media":127996,"comment_status":"open","ping_status":"open","sticky":true,"template":"","format":"standard","meta":{"footnotes":""},"categories":[10,5],"tags":[],"_links":{"self":[{"href":"https:\/\/diariodigitalmx.com\/index.php\/wp-json\/wp\/v2\/posts\/127994"}],"collection":[{"href":"https:\/\/diariodigitalmx.com\/index.php\/wp-json\/wp\/v2\/posts"}],"about":[{"href":"https:\/\/diariodigitalmx.com\/index.php\/wp-json\/wp\/v2\/types\/post"}],"author":[{"embeddable":true,"href":"https:\/\/diariodigitalmx.com\/index.php\/wp-json\/wp\/v2\/users\/1"}],"replies":[{"embeddable":true,"href":"https:\/\/diariodigitalmx.com\/index.php\/wp-json\/wp\/v2\/comments?post=127994"}],"version-history":[{"count":1,"href":"https:\/\/diariodigitalmx.com\/index.php\/wp-json\/wp\/v2\/posts\/127994\/revisions"}],"predecessor-version":[{"id":127995,"href":"https:\/\/diariodigitalmx.com\/index.php\/wp-json\/wp\/v2\/posts\/127994\/revisions\/127995"}],"wp:featuredmedia":[{"embeddable":true,"href":"https:\/\/diariodigitalmx.com\/index.php\/wp-json\/wp\/v2\/media\/127996"}],"wp:attachment":[{"href":"https:\/\/diariodigitalmx.com\/index.php\/wp-json\/wp\/v2\/media?parent=127994"}],"wp:term":[{"taxonomy":"category","embeddable":true,"href":"https:\/\/diariodigitalmx.com\/index.php\/wp-json\/wp\/v2\/categories?post=127994"},{"taxonomy":"post_tag","embeddable":true,"href":"https:\/\/diariodigitalmx.com\/index.php\/wp-json\/wp\/v2\/tags?post=127994"}],"curies":[{"name":"wp","href":"https:\/\/api.w.org\/{rel}","templated":true}]}}