{"id":128512,"date":"2024-12-13T12:39:04","date_gmt":"2024-12-13T18:39:04","guid":{"rendered":"https:\/\/diariodigitalmx.com\/?p=128512"},"modified":"2024-12-13T13:02:17","modified_gmt":"2024-12-13T19:02:17","slug":"inicia-juicio-cotra-tarifazo-camionero-en-nl","status":"publish","type":"post","link":"https:\/\/diariodigitalmx.com\/index.php\/2024\/12\/13\/inicia-juicio-cotra-tarifazo-camionero-en-nl\/","title":{"rendered":"Inicia juicio contra &#8220;tarifazo&#8221; camionero en NL"},"content":{"rendered":"\n<p><\/p>\n\n\n\n<p>\u25cf Juzgado Federal decidir\u00e1 controversia por costos del pasaje<br>El aumento al costo del pasaje en la Ruta Expr\u00e9s Integrada es desproporcionada, arbitraria y se hizo de forma ilegal.<\/p>\n\n\n\n<p>As\u00ed lo de denuncian decenas de personas usuarias del transporte p\u00fablico que presentaron un amparo en contra del llamado \u201ctarifazo\u201d en Nuevo Le\u00f3n.<br>El pasado 5 de noviembre, el gobierno de Nuevo Le\u00f3n increment\u00f3 el pasaje del autob\u00fas de 12 a 15 pesos. Adem\u00e1s, anunci\u00f3 que para inicios de 2025 aumentar\u00eda a 17 y<br>posteriormente a 21.<br>En la demanda, se\u00f1alan que la autoridad aument\u00f3 los precios sin haber cumplido con los procedimientos legales que exige la ley en Nuevo Le\u00f3n. Adem\u00e1s, argumentan que las<br>autoridades nunca han podido justificar que el aumento sea estrictamente necesario.<br>Esto viola el derecho al transporte p\u00fablico y el derecho a la ciudad, ambos reconocidos como derechos humanos en la nueva Constituci\u00f3n del Estado de Nuevo Le\u00f3n.<br>\u201cConfiamos en que el juez va a resolver el caso como se debe y va a garantizar que las cosas se hagan como exige la ley y sin violar nuestros derechos\u201d, se\u00f1al\u00f3 Mildred Madrigal, una de las 33 demandantes.<br>El caso ser\u00e1 resuelto en los pr\u00f3ximos meses por Francisco Manuel Rub\u00edn de Celis Garza, Juez Cuarto de Distrito en Materia Administrativa en el Estado de Nuevo Le\u00f3n.<\/p>\n","protected":false},"excerpt":{"rendered":"<p>\u25cf Juzgado Federal decidir\u00e1 controversia por costos del pasajeEl aumento al costo del pasaje en la Ruta Expr\u00e9s Integrada es desproporcionada, arbitraria y se hizo de forma ilegal. As\u00ed lo de denuncian decenas de personas usuarias del transporte p\u00fablico que presentaron un amparo en contra del llamado \u201ctarifazo\u201d en Nuevo Le\u00f3n.El pasado 5 de noviembre, [&hellip;]<\/p>\n","protected":false},"author":1,"featured_media":128522,"comment_status":"open","ping_status":"open","sticky":true,"template":"","format":"standard","meta":{"footnotes":""},"categories":[6,3,5],"tags":[],"_links":{"self":[{"href":"https:\/\/diariodigitalmx.com\/index.php\/wp-json\/wp\/v2\/posts\/128512"}],"collection":[{"href":"https:\/\/diariodigitalmx.com\/index.php\/wp-json\/wp\/v2\/posts"}],"about":[{"href":"https:\/\/diariodigitalmx.com\/index.php\/wp-json\/wp\/v2\/types\/post"}],"author":[{"embeddable":true,"href":"https:\/\/diariodigitalmx.com\/index.php\/wp-json\/wp\/v2\/users\/1"}],"replies":[{"embeddable":true,"href":"https:\/\/diariodigitalmx.com\/index.php\/wp-json\/wp\/v2\/comments?post=128512"}],"version-history":[{"count":3,"href":"https:\/\/diariodigitalmx.com\/index.php\/wp-json\/wp\/v2\/posts\/128512\/revisions"}],"predecessor-version":[{"id":128524,"href":"https:\/\/diariodigitalmx.com\/index.php\/wp-json\/wp\/v2\/posts\/128512\/revisions\/128524"}],"wp:featuredmedia":[{"embeddable":true,"href":"https:\/\/diariodigitalmx.com\/index.php\/wp-json\/wp\/v2\/media\/128522"}],"wp:attachment":[{"href":"https:\/\/diariodigitalmx.com\/index.php\/wp-json\/wp\/v2\/media?parent=128512"}],"wp:term":[{"taxonomy":"category","embeddable":true,"href":"https:\/\/diariodigitalmx.com\/index.php\/wp-json\/wp\/v2\/categories?post=128512"},{"taxonomy":"post_tag","embeddable":true,"href":"https:\/\/diariodigitalmx.com\/index.php\/wp-json\/wp\/v2\/tags?post=128512"}],"curies":[{"name":"wp","href":"https:\/\/api.w.org\/{rel}","templated":true}]}}