{"id":128531,"date":"2024-12-13T22:06:51","date_gmt":"2024-12-14T04:06:51","guid":{"rendered":"https:\/\/diariodigitalmx.com\/?p=128531"},"modified":"2024-12-13T22:08:54","modified_gmt":"2024-12-14T04:08:54","slug":"asume-adrian-de-la-garza-la-presidencia-de-la-conferencia-nacional-de-municipios-de-mexico","status":"publish","type":"post","link":"https:\/\/diariodigitalmx.com\/index.php\/2024\/12\/13\/asume-adrian-de-la-garza-la-presidencia-de-la-conferencia-nacional-de-municipios-de-mexico\/","title":{"rendered":"Asume Adri\u00e1n de la Garza la Presidencia de la Conferencia Nacional de Municipios de M\u00e9xico"},"content":{"rendered":"\n<p>*<em>Hizo un llamado a la unidad entre ciudades y a colaborar con el Gobierno Federal en beneficio de la poblaci\u00f3<\/em>n<\/p>\n\n\n\n<p>Con el compromiso de trabajar en colaboraci\u00f3n con el Gobierno Federal, este viernes el alcalde de Monterrey, Adri\u00e1n de la Garza asumi\u00f3 hoy la Presidencia de la Conferencia Nacional de Municipios de M\u00e9xico (CONAMM).<\/p>\n\n\n\n<p>Ante autoridades de los tres niveles de gobierno, al menos medio centenar de alcaldes de la metr\u00f3poli y de otras ciudades del pa\u00eds e invitados especiales reunidos en Cintermex, el edil de la capital de Nuevo Le\u00f3n destac\u00f3 la importancia de fortalecer el federalismo municipal como pilar de desarrollo para el pa\u00eds.<\/p>\n\n\n\n<p>Reconoci\u00f3 a las ciudades como el motor econ\u00f3mico, social y cultural de M\u00e9xico, por lo que urgi\u00f3 a una coordinaci\u00f3n con entre todos los niveles de gobierno, la iniciativa privada y la sociedad civil para impactar de forma positiva en la comunidad.<\/p>\n\n\n\n<p>\u201cComo se ha acordado en la CONAMM, los municipios estamos listos para impulsar una nueva etapa en el federalismo mexicanos queremos un federalismo moderno, descentralizador, que fomente la coordinaci\u00f3n y el respeto entre los \u00f3rdenes de gobierno.<\/p>\n\n\n\n<figure class=\"wp-block-image size-large\"><img loading=\"lazy\" decoding=\"async\" width=\"1024\" height=\"669\" src=\"https:\/\/diariodigitalmx.com\/wp-content\/uploads\/2024\/12\/ASUME-CONAMM-6-1024x669.jpeg\" alt=\"\" class=\"wp-image-128535\" srcset=\"https:\/\/diariodigitalmx.com\/wp-content\/uploads\/2024\/12\/ASUME-CONAMM-6-1024x669.jpeg 1024w, https:\/\/diariodigitalmx.com\/wp-content\/uploads\/2024\/12\/ASUME-CONAMM-6-300x196.jpeg 300w, https:\/\/diariodigitalmx.com\/wp-content\/uploads\/2024\/12\/ASUME-CONAMM-6-768x502.jpeg 768w, https:\/\/diariodigitalmx.com\/wp-content\/uploads\/2024\/12\/ASUME-CONAMM-6.jpeg 1309w\" sizes=\"(max-width: 1024px) 100vw, 1024px\" \/><\/figure>\n\n\n\n<p>\u201cEn ese sentido, hacemos un llamado a las autoridades hacendarias y al Congreso para fortalecer a los municipios, pues es esencial contar con la capacidad financiera para atender las necesidades de nuestras comunidades\u201d, pidi\u00f3.<\/p>\n\n\n\n<p>Tambi\u00e9n anunci\u00f3 parte de su agenda \u201cambiciosa pero necesaria\u201d al frente de la CONAMM:<\/p>\n\n\n\n<ul>\n<li>Combate a la pobreza&nbsp;mediante programas de desarrollo social y econ\u00f3mico.<\/li>\n\n\n\n<li>Servicios p\u00fablicos de calidad&nbsp;con inversiones en infraestructura, seguridad, salud y educaci\u00f3n.<\/li>\n\n\n\n<li>Participaci\u00f3n de los municipios en la toma de decisiones nacionales.<\/li>\n\n\n\n<li>Reinvertir en las ciudades los recursos fiscales generados en las mismas.<\/li>\n\n\n\n<li>Fortalecer los mecanismos de coordinaci\u00f3n intragubernamental.<\/li>\n\n\n\n<li>Crear mesas de trabajo permanente para el seguimiento de iniciativas de desarrollo municipal.<\/li>\n<\/ul>\n\n\n\n<ul>\n<li>Impulsar la profesionalizaci\u00f3n de los servidores p\u00fablicos locales.<\/li>\n\n\n\n<li>Enfrentar la lucha contra el cambio clim\u00e1tico<\/li>\n\n\n\n<li>Crear proyectos de infraestructura verde y movilidad urbana<\/li>\n\n\n\n<li>Fomentar la participaci\u00f3n ciudadana.<\/li>\n\n\n\n<li>Modernizar a las administraciones p\u00fablicas con uso de tecnolog\u00eda e innovaci\u00f3n.<\/li>\n<\/ul>\n\n\n\n<p>De la Garza pidi\u00f3 al representante del Instituto Nacional para el Federalismo y el Desarrollo Municipal (INAFED) de la Secretar\u00eda de Gobernaci\u00f3n, Armando Quintero Mart\u00ednez, transmitir a la Presidenta de M\u00e9xico, Claudia Sheinbaum el compromiso de las ciudades de trabajar en conjunto para transformar al pa\u00eds.<\/p>\n\n\n\n<p>\u201cComo alcaldes tenemos una gran responsabilidad, gobernar para todos, sin distinci\u00f3n alguna, esta misma premisa debe guiar a todos los niveles de gobierno, hoy m\u00e1s que nunca, nuestra misi\u00f3n es sumar esfuerzos, construir puentes y mirar hacia adelante\u201d, declar\u00f3 Adri\u00e1n de la Garza.<\/p>\n\n\n\n<figure class=\"wp-block-image size-large\"><img loading=\"lazy\" decoding=\"async\" width=\"1024\" height=\"668\" src=\"https:\/\/diariodigitalmx.com\/wp-content\/uploads\/2024\/12\/ASUME-CONAMM-1-1024x668.jpeg\" alt=\"\" class=\"wp-image-128536\" srcset=\"https:\/\/diariodigitalmx.com\/wp-content\/uploads\/2024\/12\/ASUME-CONAMM-1-1024x668.jpeg 1024w, https:\/\/diariodigitalmx.com\/wp-content\/uploads\/2024\/12\/ASUME-CONAMM-1-300x196.jpeg 300w, https:\/\/diariodigitalmx.com\/wp-content\/uploads\/2024\/12\/ASUME-CONAMM-1-768x501.jpeg 768w, https:\/\/diariodigitalmx.com\/wp-content\/uploads\/2024\/12\/ASUME-CONAMM-1.jpeg 1310w\" sizes=\"(max-width: 1024px) 100vw, 1024px\" \/><\/figure>\n\n\n\n<p>Con la presidencia del Bur\u00f3 Ejecutivo de la Confederaci\u00f3n, el mun\u00edcipe regio representa a los 4,471 alcaldes del pa\u00eds.<\/p>\n\n\n\n<p>En sus respectivos discursos, los participantes coincidieron en la necesidad de plantear&nbsp;reformas pol\u00edticas hacendarias para ampliar las competencias municipales a fin de resolver la problem\u00e1tica de la gente.<\/p>\n\n\n\n<p>En la toma de posesi\u00f3n estuvieron Alejandra Guti\u00e9rrez Campos, presidenta de la Asociaci\u00f3n Nacional de Alcaldes (ANAC) y alcaldesa de Le\u00f3n, Guanajuato; Gerardo Vargas Landeros, vicepresidente de la Asociaci\u00f3n de Autoridades Locales de M\u00e9xico (AALMAC) y alcalde de Ahome, Sinaloa; y Ana Aurora Mu\u00f1iz Neyra, presidenta de Ejecutiva de la Federaci\u00f3n nacional de Municipios de M\u00e9xico (FENAMM) y alcaldesa de San Mateo Atenco, Estado de M\u00e9xico.<\/p>\n\n\n\n<p>Tambi\u00e9n se cont\u00f3 con la asistencia de Sergio Arredondo Olvera, secretario general de CONAMM Y FENAMM; de Hermilo P\u00e9rez Cabrera, secretario general adjunto de CONAMM y director general de AALMAC; y de Genaro Santana Moronatti, secretario general adjunto de CONAMM y director general de ANAC.<\/p>\n","protected":false},"excerpt":{"rendered":"<p>*Hizo un llamado a la unidad entre ciudades y a colaborar con el Gobierno Federal en beneficio de la poblaci\u00f3n Con el compromiso de trabajar en colaboraci\u00f3n con el Gobierno Federal, este viernes el alcalde de Monterrey, Adri\u00e1n de la Garza asumi\u00f3 hoy la Presidencia de la Conferencia Nacional de Municipios de M\u00e9xico (CONAMM). Ante [&hellip;]<\/p>\n","protected":false},"author":1,"featured_media":128533,"comment_status":"open","ping_status":"open","sticky":true,"template":"","format":"standard","meta":{"footnotes":""},"categories":[14,6,5],"tags":[],"_links":{"self":[{"href":"https:\/\/diariodigitalmx.com\/index.php\/wp-json\/wp\/v2\/posts\/128531"}],"collection":[{"href":"https:\/\/diariodigitalmx.com\/index.php\/wp-json\/wp\/v2\/posts"}],"about":[{"href":"https:\/\/diariodigitalmx.com\/index.php\/wp-json\/wp\/v2\/types\/post"}],"author":[{"embeddable":true,"href":"https:\/\/diariodigitalmx.com\/index.php\/wp-json\/wp\/v2\/users\/1"}],"replies":[{"embeddable":true,"href":"https:\/\/diariodigitalmx.com\/index.php\/wp-json\/wp\/v2\/comments?post=128531"}],"version-history":[{"count":3,"href":"https:\/\/diariodigitalmx.com\/index.php\/wp-json\/wp\/v2\/posts\/128531\/revisions"}],"predecessor-version":[{"id":128537,"href":"https:\/\/diariodigitalmx.com\/index.php\/wp-json\/wp\/v2\/posts\/128531\/revisions\/128537"}],"wp:featuredmedia":[{"embeddable":true,"href":"https:\/\/diariodigitalmx.com\/index.php\/wp-json\/wp\/v2\/media\/128533"}],"wp:attachment":[{"href":"https:\/\/diariodigitalmx.com\/index.php\/wp-json\/wp\/v2\/media?parent=128531"}],"wp:term":[{"taxonomy":"category","embeddable":true,"href":"https:\/\/diariodigitalmx.com\/index.php\/wp-json\/wp\/v2\/categories?post=128531"},{"taxonomy":"post_tag","embeddable":true,"href":"https:\/\/diariodigitalmx.com\/index.php\/wp-json\/wp\/v2\/tags?post=128531"}],"curies":[{"name":"wp","href":"https:\/\/api.w.org\/{rel}","templated":true}]}}