{"id":128550,"date":"2024-12-14T20:44:04","date_gmt":"2024-12-15T02:44:04","guid":{"rendered":"https:\/\/diariodigitalmx.com\/?p=128550"},"modified":"2024-12-14T20:53:18","modified_gmt":"2024-12-15T02:53:18","slug":"adios-javier-batiz","status":"publish","type":"post","link":"https:\/\/diariodigitalmx.com\/index.php\/2024\/12\/14\/adios-javier-batiz\/","title":{"rendered":"Adi\u00f3s Javier B\u00e1tiz"},"content":{"rendered":"\n<p>El guitarrista Javier B\u00e1tiz, \u00edcono, leyenda del rock, muri\u00f3 a los 80 a\u00f1os tras complicaciones de salud, inform\u00f3 su esposa Claudia Madrid.<\/p>\n\n\n\n<p>&#8220;Queridos amigos y Familia. Para informarles que nuestro adorado y querido, mi esposo Javier B\u00e1tiz trasendio el dia de hoy. Su legado y su musica quedan para la eternidad&#8221;, dijo a trav\u00e9s de Facebook.<\/p>\n\n\n\n<p>Extraoficialmente se sup\u00f3 que el guitarrista ten\u00eda c\u00e1ncer de pr\u00f3stata, as\u00ed como hipertensi\u00f3n e infecci\u00f3n en vias urinarias.<\/p>\n\n\n\n<p>Hace meses estuvo en un hospital y su esposa solicit\u00f3 una donaci\u00f3n para pagar los gastos.<\/p>\n\n\n\n<p>Batiz trabaj\u00f3 con m\u00fasicos de la talla de Carlos Santana, Alex Lora, Abraham Laboriel y Fito de la Parra, entre otros.<\/p>\n\n\n\n<p>Su nombre completo era Javier Issac Medina N\u00fa\u00f1ez, conocido como Javier B\u00e1tiz, y naci\u00f3 en Tijuana, Baja California.<\/p>\n","protected":false},"excerpt":{"rendered":"<p>El guitarrista Javier B\u00e1tiz, \u00edcono, leyenda del rock, muri\u00f3 a los 80 a\u00f1os tras complicaciones de salud, inform\u00f3 su esposa Claudia Madrid. &#8220;Queridos amigos y Familia. Para informarles que nuestro adorado y querido, mi esposo Javier B\u00e1tiz trasendio el dia de hoy. Su legado y su musica quedan para la eternidad&#8221;, dijo a trav\u00e9s de [&hellip;]<\/p>\n","protected":false},"author":1,"featured_media":128554,"comment_status":"open","ping_status":"open","sticky":true,"template":"","format":"standard","meta":{"footnotes":""},"categories":[9,3,5],"tags":[],"_links":{"self":[{"href":"https:\/\/diariodigitalmx.com\/index.php\/wp-json\/wp\/v2\/posts\/128550"}],"collection":[{"href":"https:\/\/diariodigitalmx.com\/index.php\/wp-json\/wp\/v2\/posts"}],"about":[{"href":"https:\/\/diariodigitalmx.com\/index.php\/wp-json\/wp\/v2\/types\/post"}],"author":[{"embeddable":true,"href":"https:\/\/diariodigitalmx.com\/index.php\/wp-json\/wp\/v2\/users\/1"}],"replies":[{"embeddable":true,"href":"https:\/\/diariodigitalmx.com\/index.php\/wp-json\/wp\/v2\/comments?post=128550"}],"version-history":[{"count":1,"href":"https:\/\/diariodigitalmx.com\/index.php\/wp-json\/wp\/v2\/posts\/128550\/revisions"}],"predecessor-version":[{"id":128551,"href":"https:\/\/diariodigitalmx.com\/index.php\/wp-json\/wp\/v2\/posts\/128550\/revisions\/128551"}],"wp:featuredmedia":[{"embeddable":true,"href":"https:\/\/diariodigitalmx.com\/index.php\/wp-json\/wp\/v2\/media\/128554"}],"wp:attachment":[{"href":"https:\/\/diariodigitalmx.com\/index.php\/wp-json\/wp\/v2\/media?parent=128550"}],"wp:term":[{"taxonomy":"category","embeddable":true,"href":"https:\/\/diariodigitalmx.com\/index.php\/wp-json\/wp\/v2\/categories?post=128550"},{"taxonomy":"post_tag","embeddable":true,"href":"https:\/\/diariodigitalmx.com\/index.php\/wp-json\/wp\/v2\/tags?post=128550"}],"curies":[{"name":"wp","href":"https:\/\/api.w.org\/{rel}","templated":true}]}}