{"id":128604,"date":"2024-12-16T06:38:40","date_gmt":"2024-12-16T12:38:40","guid":{"rendered":"https:\/\/diariodigitalmx.com\/?p=128604"},"modified":"2024-12-16T09:13:37","modified_gmt":"2024-12-16T15:13:37","slug":"gerson-gomez-recomienda-leer-esto","status":"publish","type":"post","link":"https:\/\/diariodigitalmx.com\/index.php\/2024\/12\/16\/gerson-gomez-recomienda-leer-esto\/","title":{"rendered":"Gerson G\u00f3mez recomienda leer esto"},"content":{"rendered":"\n<p><strong>En la monta\u00f1a de Diego Enrique Osorno.<\/strong><\/p>\n\n\n\n<p>\u00a0En la monta\u00f1a es un libro sobre la experiencia del autor con el movimiento zapatista desde sus inicios hasta la actualidad. Este texto, que mezcla la cr\u00f3nica y la reflexi\u00f3n personal, arranca en 2021 con la invitaci\u00f3n que recibi\u00f3 por parte del Ej\u00e9rcito Zapatista de Liberaci\u00f3n Nacional para ser parte de la tripulaci\u00f3n del barco La monta\u00f1a, en el que una delegaci\u00f3n zapatista cruzar\u00eda el oc\u00e9ano Atl\u00e1ntico, dando inicio a una traves\u00eda de los pueblos zapatistas por los cinco continentes a lo largo de los pr\u00f3ximos a\u00f1os. Su funci\u00f3n: ser un testigo externo que dejara registro de los hechos que ocurrir\u00edan durante esa traves\u00eda.<\/p>\n\n\n\n<figure class=\"wp-block-image size-full\"><img loading=\"lazy\" decoding=\"async\" width=\"200\" height=\"317\" src=\"https:\/\/diariodigitalmx.com\/wp-content\/uploads\/2024\/12\/6265424-800-auto.webp\" alt=\"\" class=\"wp-image-128609\" srcset=\"https:\/\/diariodigitalmx.com\/wp-content\/uploads\/2024\/12\/6265424-800-auto.webp 200w, https:\/\/diariodigitalmx.com\/wp-content\/uploads\/2024\/12\/6265424-800-auto-189x300.webp 189w\" sizes=\"(max-width: 200px) 100vw, 200px\" \/><\/figure>\n\n\n\n<p><strong>Los astronautas de Laura Ferrero<\/strong><\/p>\n\n\n\n<p>\u00a0Una novela honda y poderosa, un viaje a los confines del espacio familiar del que no sabemos si podemos volver y, si lo logramos, ya no seremos los mismos que se fueron. H\u00e9ctor Abad Faciolince Los astronautas consagra a Laura Ferrero como una narradora excepcional. Isabel Coixet Lo que brilla, en el cielo, es el pasado. Todos sabemos desde la infancia qu\u00e9 personas forman nuestra familia y cu\u00e1les son los lazos que nos unen a cada una de ellas. Todos menos la protagonista de esta novela, a quien nunca contaron que ella tambi\u00e9n, en alg\u00fan momento de su vida, hab\u00eda tenido una.<\/p>\n\n\n\n<figure class=\"wp-block-image size-large\"><img loading=\"lazy\" decoding=\"async\" width=\"788\" height=\"1024\" src=\"https:\/\/diariodigitalmx.com\/wp-content\/uploads\/2024\/12\/6648307-800-auto-788x1024.png\" alt=\"\" class=\"wp-image-128612\" srcset=\"https:\/\/diariodigitalmx.com\/wp-content\/uploads\/2024\/12\/6648307-800-auto-788x1024.png 788w, https:\/\/diariodigitalmx.com\/wp-content\/uploads\/2024\/12\/6648307-800-auto-231x300.png 231w, https:\/\/diariodigitalmx.com\/wp-content\/uploads\/2024\/12\/6648307-800-auto-768x998.png 768w, https:\/\/diariodigitalmx.com\/wp-content\/uploads\/2024\/12\/6648307-800-auto.png 800w\" sizes=\"(max-width: 788px) 100vw, 788px\" \/><\/figure>\n\n\n\n<p>&nbsp;<strong>El arte de lo oculto de S. Elizabeth<\/strong><\/p>\n\n\n\n<p>\u00a0Las creencias y pr\u00e1cticas m\u00edsticas han existido durante milenios, pero \u00bfpor qu\u00e9 seguimos persiguiendo lo esot\u00e9rico? Desde el comienzo de la creatividad humana, los creadores de im\u00e1genes se han sentido atra\u00eddos por estas esferas desconocidas y han creado curiosas obras de arte que trascienden el tiempo y el lugar, pero \u00bfqu\u00e9 es lo que atrae a los artistas a estos reinos m\u00e1gicos?<\/p>\n\n\n\n<figure class=\"wp-block-image size-full\"><img loading=\"lazy\" decoding=\"async\" width=\"200\" height=\"316\" src=\"https:\/\/diariodigitalmx.com\/wp-content\/uploads\/2024\/12\/6600076-800-auto.webp\" alt=\"\" class=\"wp-image-128613\" srcset=\"https:\/\/diariodigitalmx.com\/wp-content\/uploads\/2024\/12\/6600076-800-auto.webp 200w, https:\/\/diariodigitalmx.com\/wp-content\/uploads\/2024\/12\/6600076-800-auto-190x300.webp 190w\" sizes=\"(max-width: 200px) 100vw, 200px\" \/><\/figure>\n\n\n\n<p>&nbsp;Pronunciar\u00e9 sus nombres de Tamara Trottner<\/p>\n\n\n\n<p>Cierro los ojos y trato de escuchar lo que alg\u00fan d\u00eda me platic\u00f3 mi viejo. Viene un nombre a mi memoria. Lo escribo en Google. Aparecen un lugar, un barco, un apellido. \u00bfD\u00f3nde empieza la memoria familiar? \u00bfEn la sangre que enciende nuestro coraz\u00f3n o en las manos que escriben lo que parece destinado a desaparecer? Una futura escritora escucha el llamado de su estirpe tras la muerte de sus abuelos. Durante el duelo, esta narradora constata que ahora ella es la \u00fanica depositaria de la herencia m\u00e1s intangible y poderosa: su historia. En la esperada precuela de Nadie nos vio partir, Tamara Trottner narra la migraci\u00f3n de sus abuelos Moishe y Ana de Europa hacia Am\u00e9rica, cuando sus familias se ven forzadas a dejar atr\u00e1s sus mundos conocidos para salvarse.<\/p>\n","protected":false},"excerpt":{"rendered":"<p>En la monta\u00f1a de Diego Enrique Osorno. \u00a0En la monta\u00f1a es un libro sobre la experiencia del autor con el movimiento zapatista desde sus inicios hasta la actualidad. Este texto, que mezcla la cr\u00f3nica y la reflexi\u00f3n personal, arranca en 2021 con la invitaci\u00f3n que recibi\u00f3 por parte del Ej\u00e9rcito Zapatista de Liberaci\u00f3n Nacional para [&hellip;]<\/p>\n","protected":false},"author":1,"featured_media":128607,"comment_status":"open","ping_status":"open","sticky":true,"template":"","format":"standard","meta":{"footnotes":""},"categories":[11,14],"tags":[],"_links":{"self":[{"href":"https:\/\/diariodigitalmx.com\/index.php\/wp-json\/wp\/v2\/posts\/128604"}],"collection":[{"href":"https:\/\/diariodigitalmx.com\/index.php\/wp-json\/wp\/v2\/posts"}],"about":[{"href":"https:\/\/diariodigitalmx.com\/index.php\/wp-json\/wp\/v2\/types\/post"}],"author":[{"embeddable":true,"href":"https:\/\/diariodigitalmx.com\/index.php\/wp-json\/wp\/v2\/users\/1"}],"replies":[{"embeddable":true,"href":"https:\/\/diariodigitalmx.com\/index.php\/wp-json\/wp\/v2\/comments?post=128604"}],"version-history":[{"count":4,"href":"https:\/\/diariodigitalmx.com\/index.php\/wp-json\/wp\/v2\/posts\/128604\/revisions"}],"predecessor-version":[{"id":128614,"href":"https:\/\/diariodigitalmx.com\/index.php\/wp-json\/wp\/v2\/posts\/128604\/revisions\/128614"}],"wp:featuredmedia":[{"embeddable":true,"href":"https:\/\/diariodigitalmx.com\/index.php\/wp-json\/wp\/v2\/media\/128607"}],"wp:attachment":[{"href":"https:\/\/diariodigitalmx.com\/index.php\/wp-json\/wp\/v2\/media?parent=128604"}],"wp:term":[{"taxonomy":"category","embeddable":true,"href":"https:\/\/diariodigitalmx.com\/index.php\/wp-json\/wp\/v2\/categories?post=128604"},{"taxonomy":"post_tag","embeddable":true,"href":"https:\/\/diariodigitalmx.com\/index.php\/wp-json\/wp\/v2\/tags?post=128604"}],"curies":[{"name":"wp","href":"https:\/\/api.w.org\/{rel}","templated":true}]}}