{"id":128639,"date":"2024-12-16T21:03:26","date_gmt":"2024-12-17T03:03:26","guid":{"rendered":"https:\/\/diariodigitalmx.com\/?p=128639"},"modified":"2024-12-16T21:11:19","modified_gmt":"2024-12-17T03:11:19","slug":"llaman-a-la-unidad-en-morena-senalamientos-al-interior-dividen-acusan","status":"publish","type":"post","link":"https:\/\/diariodigitalmx.com\/index.php\/2024\/12\/16\/llaman-a-la-unidad-en-morena-senalamientos-al-interior-dividen-acusan\/","title":{"rendered":"Llaman a la unidad en Morena; se\u00f1alamientos al interior dividen, acusan"},"content":{"rendered":"\n<p>Los alcaldes metropolitanos de Morena Andr\u00e9s Mijes de Escobedo, Jes\u00fas Nava de Santa Catarina y Manuel Guerra, de Garc\u00eda junto con los legisladores locales Anylu Bendici\u00f3n Hern\u00e1ndez y Jes\u00fas Elizondo llamaron a la unidad y calificaron de lamentables las declaraciones que buscan dividir y generar un beneficio para otro partido.<\/p>\n\n\n\n<p>La postura de ediles y legisladores se da luego de que los senadores Waldo Fern\u00e1ndez y Judith D\u00edaz acusaron traiciones al interior de Morena.<\/p>\n\n\n\n<p>\u201cEstos se\u00f1alamientos unilaterales no abonan a la unidad y si dividen a nuestro movimiento.<\/p>\n\n\n\n<p>Como bien la dirigencia nacional de nuestro partido, Luisa Mar\u00eda Alclade, Carolina Rangel y Andr\u00e9s Manuel L\u00f3pez Beltr\u00e1n: &#8220;Sin unidad, se fortalece a la oposici\u00f3n&#8221;. Y la unidad se construye con dialogo y buena voluntad, no es sano prestarse a juegos del PRIAN ni de MC por intereses personales\u201d, acusaron en un comunicado.<\/p>\n\n\n\n<p>\u201c\u201d Nos eligi\u00f3 la gente, por eso, nuestro compromiso es con ellos, con Morena y con la Presidenta Claudia Sheinbaum. Los legisladores y alcaldes firmantes estamos a favor de la ciudadan\u00eda y en contra de ser parte de un bloque de MC o del PRIAN\u201d, a\u00f1aden.<\/p>\n\n\n\n<p>Advirtieron que en Morena son un partido plural, donde hay diversidad de ideas y si acaso hay compa\u00f1eros legisladores o alcaldes que quieran entregarse completamente al PRIAN o a MC, estos ser\u00e1n juzgados por la ciudadan\u00eda.<\/p>\n\n\n\n<p>Por mesura y en aras de mantener la unidad hemos seguido dialogando con todas las fuerzas pol\u00edticas, y por ello, esta situaci\u00f3n nos hace reconsiderar nuestra postura de abstenci\u00f3n en el tema del presupuesto.<\/p>\n","protected":false},"excerpt":{"rendered":"<p>Los alcaldes metropolitanos de Morena Andr\u00e9s Mijes de Escobedo, Jes\u00fas Nava de Santa Catarina y Manuel Guerra, de Garc\u00eda junto con los legisladores locales Anylu Bendici\u00f3n Hern\u00e1ndez y Jes\u00fas Elizondo llamaron a la unidad y calificaron de lamentables las declaraciones que buscan dividir y generar un beneficio para otro partido. La postura de ediles y [&hellip;]<\/p>\n","protected":false},"author":1,"featured_media":128641,"comment_status":"open","ping_status":"open","sticky":true,"template":"","format":"standard","meta":{"footnotes":""},"categories":[6,3,5],"tags":[],"_links":{"self":[{"href":"https:\/\/diariodigitalmx.com\/index.php\/wp-json\/wp\/v2\/posts\/128639"}],"collection":[{"href":"https:\/\/diariodigitalmx.com\/index.php\/wp-json\/wp\/v2\/posts"}],"about":[{"href":"https:\/\/diariodigitalmx.com\/index.php\/wp-json\/wp\/v2\/types\/post"}],"author":[{"embeddable":true,"href":"https:\/\/diariodigitalmx.com\/index.php\/wp-json\/wp\/v2\/users\/1"}],"replies":[{"embeddable":true,"href":"https:\/\/diariodigitalmx.com\/index.php\/wp-json\/wp\/v2\/comments?post=128639"}],"version-history":[{"count":2,"href":"https:\/\/diariodigitalmx.com\/index.php\/wp-json\/wp\/v2\/posts\/128639\/revisions"}],"predecessor-version":[{"id":128642,"href":"https:\/\/diariodigitalmx.com\/index.php\/wp-json\/wp\/v2\/posts\/128639\/revisions\/128642"}],"wp:featuredmedia":[{"embeddable":true,"href":"https:\/\/diariodigitalmx.com\/index.php\/wp-json\/wp\/v2\/media\/128641"}],"wp:attachment":[{"href":"https:\/\/diariodigitalmx.com\/index.php\/wp-json\/wp\/v2\/media?parent=128639"}],"wp:term":[{"taxonomy":"category","embeddable":true,"href":"https:\/\/diariodigitalmx.com\/index.php\/wp-json\/wp\/v2\/categories?post=128639"},{"taxonomy":"post_tag","embeddable":true,"href":"https:\/\/diariodigitalmx.com\/index.php\/wp-json\/wp\/v2\/tags?post=128639"}],"curies":[{"name":"wp","href":"https:\/\/api.w.org\/{rel}","templated":true}]}}