{"id":129131,"date":"2025-01-06T13:43:22","date_gmt":"2025-01-06T19:43:22","guid":{"rendered":"https:\/\/diariodigitalmx.com\/?p=129131"},"modified":"2025-01-06T13:47:57","modified_gmt":"2025-01-06T19:47:57","slug":"escobedo-en-alerta-por-el-frio-refuerzan-operativos","status":"publish","type":"post","link":"https:\/\/diariodigitalmx.com\/index.php\/2025\/01\/06\/escobedo-en-alerta-por-el-frio-refuerzan-operativos\/","title":{"rendered":"Escobedo en alerta por el fr\u00edo; refuerzan operativos"},"content":{"rendered":"\n<p>El Municipio de Escobedo est\u00e1 en alerta por la llegada del v\u00f3rtice polar cuyos efectos se ha estado siento desde las primeras horas de este lunes, por ello se han reforzado los operativos para apoyar a los sectores m\u00e1s vulnerables.<br>Por instrucciones del Alcalde Andr\u00e9s Mijes se han establecido las acciones que se estar\u00e1n implementado a lo largo de esta semana donde se pronostica que las temperaturas lleguen a los cero grados.<br>Patricia P\u00e9rez, Directora de Protecci\u00f3n Civil Municipal explic\u00f3 que la Administraci\u00f3n cuenta con un albergue donde pueden resguardarse las personas que no cuenten con un espacio seguro para protegerse del fr\u00edo.<\/p>\n\n\n\n<figure class=\"wp-block-image size-large\"><img loading=\"lazy\" decoding=\"async\" width=\"1024\" height=\"685\" src=\"https:\/\/diariodigitalmx.com\/wp-content\/uploads\/2025\/01\/B-1024x685.jpg\" alt=\"\" class=\"wp-image-129135\" srcset=\"https:\/\/diariodigitalmx.com\/wp-content\/uploads\/2025\/01\/B-1024x685.jpg 1024w, https:\/\/diariodigitalmx.com\/wp-content\/uploads\/2025\/01\/B-300x201.jpg 300w, https:\/\/diariodigitalmx.com\/wp-content\/uploads\/2025\/01\/B-768x513.jpg 768w, https:\/\/diariodigitalmx.com\/wp-content\/uploads\/2025\/01\/B-1536x1027.jpg 1536w, https:\/\/diariodigitalmx.com\/wp-content\/uploads\/2025\/01\/B-2048x1369.jpg 2048w\" sizes=\"(max-width: 1024px) 100vw, 1024px\" \/><\/figure>\n\n\n\n<p>En estos lugares las personas tendr\u00e1n acceso a alimentos y bebidas calientes, cobijas, lugares para dormir, ba\u00f1os y atenci\u00f3n m\u00e9dica de ser necesario.<br>El albergue se ubica en el Centro DIF ubicado en la Calle Pi\u00f1a y Blas Chumacero, en la Colonia Fernando Amilpa.<br>Desde temprana hora, elementos de Protecci\u00f3n Civil de Escobedo iniciaron el Operativo Carrusel para proteger a las personas que se encuentran en situaci\u00f3n vulnerable.<br>La Directora de Protecci\u00f3n Civil Escobedo detall\u00f3 que con el Operativo Carrusel los rescatistas recorren las calles de la Ciudad para ubicar y apoyar a personas en situaci\u00f3n de calle y ofrecerles traslado al albergue de la Colonia Fernando Amilpa.\u00a0<br>En estos recorridos, explic\u00f3 se visitan puntos como paradas de camiones y hospitales para llevarles a las personas una bebida caliente, pan y una cobija.<br>Se pide a la poblaci\u00f3n informar si conocen de alguien que requiera atenci\u00f3n o traslado al albergue. Los reportes se pueden hacer en el 81.8397.2911 o bien, para reportar alguna situaci\u00f3n de riesgo o<br>emergencia.<\/p>\n\n\n\n<p>Protecci\u00f3n Civil de Escobedo recomienda a la poblaci\u00f3n no salir de sus hogares si no es necesario, evitar cambios bruscos de temperatura y corrientes de aire. En caso de salir, cubrir boca y nariz, para evitar respirar el aire frio y usar ropa abrigadora.<br>En los hogares se recomienda evitar el uso de fogatas y\/o prender la estufa para calentar los espacios, adem\u00e1s de pide mantener una ventilaci\u00f3n adecuada en los cuartos.<\/p>\n","protected":false},"excerpt":{"rendered":"<p>El Municipio de Escobedo est\u00e1 en alerta por la llegada del v\u00f3rtice polar cuyos efectos se ha estado siento desde las primeras horas de este lunes, por ello se han reforzado los operativos para apoyar a los sectores m\u00e1s vulnerables.Por instrucciones del Alcalde Andr\u00e9s Mijes se han establecido las acciones que se estar\u00e1n implementado a [&hellip;]<\/p>\n","protected":false},"author":1,"featured_media":129133,"comment_status":"open","ping_status":"open","sticky":true,"template":"","format":"standard","meta":{"footnotes":""},"categories":[14,6],"tags":[],"_links":{"self":[{"href":"https:\/\/diariodigitalmx.com\/index.php\/wp-json\/wp\/v2\/posts\/129131"}],"collection":[{"href":"https:\/\/diariodigitalmx.com\/index.php\/wp-json\/wp\/v2\/posts"}],"about":[{"href":"https:\/\/diariodigitalmx.com\/index.php\/wp-json\/wp\/v2\/types\/post"}],"author":[{"embeddable":true,"href":"https:\/\/diariodigitalmx.com\/index.php\/wp-json\/wp\/v2\/users\/1"}],"replies":[{"embeddable":true,"href":"https:\/\/diariodigitalmx.com\/index.php\/wp-json\/wp\/v2\/comments?post=129131"}],"version-history":[{"count":2,"href":"https:\/\/diariodigitalmx.com\/index.php\/wp-json\/wp\/v2\/posts\/129131\/revisions"}],"predecessor-version":[{"id":129136,"href":"https:\/\/diariodigitalmx.com\/index.php\/wp-json\/wp\/v2\/posts\/129131\/revisions\/129136"}],"wp:featuredmedia":[{"embeddable":true,"href":"https:\/\/diariodigitalmx.com\/index.php\/wp-json\/wp\/v2\/media\/129133"}],"wp:attachment":[{"href":"https:\/\/diariodigitalmx.com\/index.php\/wp-json\/wp\/v2\/media?parent=129131"}],"wp:term":[{"taxonomy":"category","embeddable":true,"href":"https:\/\/diariodigitalmx.com\/index.php\/wp-json\/wp\/v2\/categories?post=129131"},{"taxonomy":"post_tag","embeddable":true,"href":"https:\/\/diariodigitalmx.com\/index.php\/wp-json\/wp\/v2\/tags?post=129131"}],"curies":[{"name":"wp","href":"https:\/\/api.w.org\/{rel}","templated":true}]}}