{"id":129137,"date":"2025-01-06T21:16:51","date_gmt":"2025-01-07T03:16:51","guid":{"rendered":"https:\/\/diariodigitalmx.com\/?p=129137"},"modified":"2025-01-06T21:20:24","modified_gmt":"2025-01-07T03:20:24","slug":"arrecian-protestas-contra-alza-a-tarifas-del-transporte-mientras-samuel-garcia-partia-rosca","status":"publish","type":"post","link":"https:\/\/diariodigitalmx.com\/index.php\/2025\/01\/06\/arrecian-protestas-contra-alza-a-tarifas-del-transporte-mientras-samuel-garcia-partia-rosca\/","title":{"rendered":"Video: Arrecian protestas contra alza a tarifas del transporte, mientras Samuel Garc\u00eda part\u00eda rosca"},"content":{"rendered":"\n<figure class=\"wp-block-video\"><video controls src=\"http:\/\/diariodigitalmx.com\/wp-content\/uploads\/2025\/01\/VID-20250106-WA0156.mp4\"><\/video><\/figure>\n\n\n\n<p>Monterrey. \u2013&nbsp; Decenas de manifestantes salieron a las calles a protestar en contra del incremento a las tarifas del transporte urbano, bloquearon avenidas en horas pico, lanzaron consignas contra el gobierno de Samuel Garc\u00eda y exigieron se d\u00e9 marcha atr\u00e1s en la aprobaci\u00f3n que se hizo el viernes pasado para pasar de 15 a 17 pesos por viaje.<\/p>\n\n\n\n<p>En contrapartida, el gobernador Samuel Garc\u00eda sali\u00f3 a partir la Macro Rosca 2025, mientras a otro extremo de la Gran Plaza un grupo de j\u00f3venes protestaba por las tarifas, cuyos gritos llegaban hasta donde el gobernante repart\u00eda pedazos de pan y saludos.<\/p>\n\n\n\n<figure class=\"wp-block-gallery has-nested-images columns-default is-cropped wp-block-gallery-1 is-layout-flex wp-block-gallery-is-layout-flex\">\n<figure class=\"wp-block-image size-large\"><img loading=\"lazy\" decoding=\"async\" width=\"819\" height=\"1024\" data-id=\"129144\" src=\"https:\/\/diariodigitalmx.com\/wp-content\/uploads\/2025\/01\/IMG_20250106_212118_880-819x1024.webp\" alt=\"\" class=\"wp-image-129144\" srcset=\"https:\/\/diariodigitalmx.com\/wp-content\/uploads\/2025\/01\/IMG_20250106_212118_880-819x1024.webp 819w, https:\/\/diariodigitalmx.com\/wp-content\/uploads\/2025\/01\/IMG_20250106_212118_880-240x300.webp 240w, https:\/\/diariodigitalmx.com\/wp-content\/uploads\/2025\/01\/IMG_20250106_212118_880-768x960.webp 768w, https:\/\/diariodigitalmx.com\/wp-content\/uploads\/2025\/01\/IMG_20250106_212118_880.webp 1080w\" sizes=\"(max-width: 819px) 100vw, 819px\" \/><\/figure>\n\n\n\n<figure class=\"wp-block-image size-large\"><img loading=\"lazy\" decoding=\"async\" width=\"819\" height=\"1024\" data-id=\"129143\" src=\"https:\/\/diariodigitalmx.com\/wp-content\/uploads\/2025\/01\/IMG_20250106_212118_926-819x1024.webp\" alt=\"\" class=\"wp-image-129143\" srcset=\"https:\/\/diariodigitalmx.com\/wp-content\/uploads\/2025\/01\/IMG_20250106_212118_926-819x1024.webp 819w, https:\/\/diariodigitalmx.com\/wp-content\/uploads\/2025\/01\/IMG_20250106_212118_926-240x300.webp 240w, https:\/\/diariodigitalmx.com\/wp-content\/uploads\/2025\/01\/IMG_20250106_212118_926-768x960.webp 768w, https:\/\/diariodigitalmx.com\/wp-content\/uploads\/2025\/01\/IMG_20250106_212118_926.webp 1080w\" sizes=\"(max-width: 819px) 100vw, 819px\" \/><\/figure>\n\n\n\n<figure class=\"wp-block-image size-large\"><img loading=\"lazy\" decoding=\"async\" width=\"1024\" height=\"768\" data-id=\"129145\" src=\"https:\/\/diariodigitalmx.com\/wp-content\/uploads\/2025\/01\/IMG-20250106-WA01821-1024x768.jpg\" alt=\"\" class=\"wp-image-129145\" srcset=\"https:\/\/diariodigitalmx.com\/wp-content\/uploads\/2025\/01\/IMG-20250106-WA01821-1024x768.jpg 1024w, https:\/\/diariodigitalmx.com\/wp-content\/uploads\/2025\/01\/IMG-20250106-WA01821-300x225.jpg 300w, https:\/\/diariodigitalmx.com\/wp-content\/uploads\/2025\/01\/IMG-20250106-WA01821-768x576.jpg 768w, https:\/\/diariodigitalmx.com\/wp-content\/uploads\/2025\/01\/IMG-20250106-WA01821-1536x1152.jpg 1536w, https:\/\/diariodigitalmx.com\/wp-content\/uploads\/2025\/01\/IMG-20250106-WA01821.jpg 1600w\" sizes=\"(max-width: 1024px) 100vw, 1024px\" \/><\/figure>\n<\/figure>\n\n\n\n<p>Integrantes de diversos colectivos entre ellos la Alianza de Usuarios de Servicios P\u00fablicos y Financieros, marcharon por diversas avenidas como son Constituci\u00f3n, Morones Prieto y Constituci\u00f3n, las que fueron bloqueadas, con lo que se cre\u00f3 un caos vehicular que lleg\u00f3 a provocar algunos enfrentamientos verbales entre conductores y manifestantes.<\/p>\n\n\n\n<p>En la avenida Cuauht\u00e9moc, bloquearon la vialidad por unos 30 minutos a la altura de Padre Mier,&nbsp;desde las 18:40 horas, y previamente, paralizaron por unos&nbsp;10&nbsp;minutos la Avenida Morones Prieto alrededor de las 18:00 horas, a la altura del Puente del Papa.<\/p>\n\n\n\n<p>Tambi\u00e9n caminaron por distintas calles del centro de la ciudad antes de llegar a las grandes avenidas mencionadas.<\/p>\n\n\n\n<p>\u00bfTRAEN HAMBRE?<\/p>\n\n\n\n<p>El gobernador Samuel Garc\u00eda acompa\u00f1ado de su esposa Mariana Rodr\u00edguez, de la secretaria de Igualdad e Inclusi\u00f3n, Martha Herrera; Alma Rosa Marroqu\u00edn, titular de Salud: Graciela Buchanan, secretaria de Las Mujeres; Alfonso Mart\u00ednez, de Medio Ambiente y de Daniel Acosta, secretario de Participaci\u00f3n Ciudadana, partieron la gran rosca de 350 metros de longitud en tanto decenas de protestantes a unos metros gritaban \u201cno al tarifazo\u201d y portaban pancartas de rechazo.<\/p>\n\n\n\n<p>Antes de partir la rosca, Samuel Garc\u00eda interrog\u00f3 a los asistentes: \u00bfQui\u00e9n trae hambre?, luego tom\u00f3 un pedazo, le sali\u00f3 el mu\u00f1eco entre festejos de sus funcionarios y tras tomarse la foto con el gabinete se retir\u00f3.<\/p>\n\n\n\n<p>En&nbsp;la&nbsp;misma&nbsp;<strong>Macroplaza<\/strong>,&nbsp; quienes manifestaban llevaban carteles con mensajes como &#8220;El obrero tiene m\u00e1s necesidad de respeto que de pan&#8221;, y &#8220;No al tarifazo&#8221;, mientras censuraban a quienes acudieron al evento de la rosca por un pedazo de pan.<\/p>\n\n\n\n<p>Para este martes otros colectivos entre ellos algunos de mujeres, han convocado a una marcha y una concentraci\u00f3n posterior en la Gran Plaza para seguir con las protestas en contra del alza de tarifas del transporte.<\/p>\n\n\n\n<p>El viernes pasado se aprob\u00f3 un alza a tarifas camioneras de 10 centavos mensuales hasta alcanzar 17 pesos, en lugar de los 15 actuales, por lo que ahora corresponde al gobernador Samuel Garc\u00eda dar marcha atr\u00e1s y no publicar en el Peri\u00f3dico Oficial del Estado el incremento.<br>Los inconformes con sus&nbsp;consignas &nbsp;&#8220;\u00a1No al tarifazo!&#8221;, llamaban la atenci\u00f3n de la multitud que asisti\u00f3 a la mega rosca organizada por el Gobierno estatal, y posteriormente entonaron &#8220;A ti que est\u00e1s mirando tambi\u00e9n te est\u00e1n ching&#8230;.&#8221;, y &#8220;\u00a1Samuel, cab&#8230;, s\u00fabete al cami\u00f3n!&#8221;.<\/p>\n\n\n\n<p>Este lunes tambi\u00e9n se dio a conocer el alza de la tarifa del Metro con deslizamiento mensual de 10 centavos hasta el 2030 para pasar de 550 a 15 pesos.Tambi\u00e9n protestaron por esta alza y llamaban a los transe\u00fantes a sumarse a la lucha y a despertar.<\/p>\n","protected":false},"excerpt":{"rendered":"<p>Monterrey. \u2013&nbsp; Decenas de manifestantes salieron a las calles a protestar en contra del incremento a las tarifas del transporte urbano, bloquearon avenidas en horas pico, lanzaron consignas contra el gobierno de Samuel Garc\u00eda y exigieron se d\u00e9 marcha atr\u00e1s en la aprobaci\u00f3n que se hizo el viernes pasado para pasar de 15 a 17 [&hellip;]<\/p>\n","protected":false},"author":1,"featured_media":129140,"comment_status":"open","ping_status":"open","sticky":true,"template":"","format":"standard","meta":{"footnotes":""},"categories":[6,3,5],"tags":[],"_links":{"self":[{"href":"https:\/\/diariodigitalmx.com\/index.php\/wp-json\/wp\/v2\/posts\/129137"}],"collection":[{"href":"https:\/\/diariodigitalmx.com\/index.php\/wp-json\/wp\/v2\/posts"}],"about":[{"href":"https:\/\/diariodigitalmx.com\/index.php\/wp-json\/wp\/v2\/types\/post"}],"author":[{"embeddable":true,"href":"https:\/\/diariodigitalmx.com\/index.php\/wp-json\/wp\/v2\/users\/1"}],"replies":[{"embeddable":true,"href":"https:\/\/diariodigitalmx.com\/index.php\/wp-json\/wp\/v2\/comments?post=129137"}],"version-history":[{"count":3,"href":"https:\/\/diariodigitalmx.com\/index.php\/wp-json\/wp\/v2\/posts\/129137\/revisions"}],"predecessor-version":[{"id":129146,"href":"https:\/\/diariodigitalmx.com\/index.php\/wp-json\/wp\/v2\/posts\/129137\/revisions\/129146"}],"wp:featuredmedia":[{"embeddable":true,"href":"https:\/\/diariodigitalmx.com\/index.php\/wp-json\/wp\/v2\/media\/129140"}],"wp:attachment":[{"href":"https:\/\/diariodigitalmx.com\/index.php\/wp-json\/wp\/v2\/media?parent=129137"}],"wp:term":[{"taxonomy":"category","embeddable":true,"href":"https:\/\/diariodigitalmx.com\/index.php\/wp-json\/wp\/v2\/categories?post=129137"},{"taxonomy":"post_tag","embeddable":true,"href":"https:\/\/diariodigitalmx.com\/index.php\/wp-json\/wp\/v2\/tags?post=129137"}],"curies":[{"name":"wp","href":"https:\/\/api.w.org\/{rel}","templated":true}]}}