{"id":129211,"date":"2025-01-07T12:51:48","date_gmt":"2025-01-07T18:51:48","guid":{"rendered":"https:\/\/diariodigitalmx.com\/?p=129211"},"modified":"2025-01-07T12:57:29","modified_gmt":"2025-01-07T18:57:29","slug":"siguen-en-escobedo-operativos-contra-el-frio-entregan-bebidas-calientes-y-pan","status":"publish","type":"post","link":"https:\/\/diariodigitalmx.com\/index.php\/2025\/01\/07\/siguen-en-escobedo-operativos-contra-el-frio-entregan-bebidas-calientes-y-pan\/","title":{"rendered":"Siguen en Escobedo operativos contra el fr\u00edo; entregan bebidas calientes y pan"},"content":{"rendered":"\n<figure class=\"wp-block-video\"><video controls src=\"http:\/\/diariodigitalmx.com\/wp-content\/uploads\/2025\/01\/Policias-entregan-rosca-cafe-y-cobertores-a-personas-en-la-calle-MEDIOS.mp4\"><\/video><\/figure>\n\n\n\n<p>Como parte de las estrategias implementadas ante el registro de bajas temperaturas, la ma\u00f1ana de este martes el Municipio de Escobedo inici\u00f3 a trav\u00e9s de la Secretar\u00eda de Seguridad Ciudadana el operativo &#8220;Proxpol: Contigo en el fr\u00edo&#8221;.<br>Desde las 5:00 de la ma\u00f1ana elementos Proxpol y de la Direcci\u00f3n de Prevenci\u00f3n Social se desplegaron en diversos puntos para entregar a ciudadanos bebidas calientes y pan.<br>El operativo se despleg\u00f3 de forma simult\u00e1nea tanto en la zona oriente, poniente y centro de la Ciudad.<\/p>\n\n\n\n<figure class=\"wp-block-image size-large\"><img loading=\"lazy\" decoding=\"async\" width=\"1024\" height=\"577\" src=\"https:\/\/diariodigitalmx.com\/wp-content\/uploads\/2025\/01\/FOTO-1-1024x577.jpg\" alt=\"\" class=\"wp-image-129217\" srcset=\"https:\/\/diariodigitalmx.com\/wp-content\/uploads\/2025\/01\/FOTO-1-1024x577.jpg 1024w, https:\/\/diariodigitalmx.com\/wp-content\/uploads\/2025\/01\/FOTO-1-300x169.jpg 300w, https:\/\/diariodigitalmx.com\/wp-content\/uploads\/2025\/01\/FOTO-1-768x432.jpg 768w, https:\/\/diariodigitalmx.com\/wp-content\/uploads\/2025\/01\/FOTO-1-1536x865.jpg 1536w, https:\/\/diariodigitalmx.com\/wp-content\/uploads\/2025\/01\/FOTO-1-2048x1153.jpg 2048w\" sizes=\"(max-width: 1024px) 100vw, 1024px\" \/><\/figure>\n\n\n\n<p>Durante esta ma\u00f1ana los polic\u00edas estuvieron presentes en paradas de camiones de la Avenida Ra\u00fal Salinas y Compostela, as\u00ed como en arterias de las colonias La Unidad y Miravista, y La Alianza. Otros de puntos d\u00f3nde se ubicaron son la Avenida Ju\u00e1rez y Paseo de la Amistad.<br>Estas acciones se suman a las realizadas por elementos de Protecci\u00f3n Civil Municipal que est\u00e1n enfocadas a proteger a la ciudadan\u00eda que se encuentra vulnerable y expuesta a las bajas temperaturas.<\/p>\n\n\n\n<figure class=\"wp-block-image size-large\"><img loading=\"lazy\" decoding=\"async\" width=\"1024\" height=\"705\" src=\"https:\/\/diariodigitalmx.com\/wp-content\/uploads\/2025\/01\/FOTO-2-1024x705.jpg\" alt=\"\" class=\"wp-image-129219\" srcset=\"https:\/\/diariodigitalmx.com\/wp-content\/uploads\/2025\/01\/FOTO-2-1024x705.jpg 1024w, https:\/\/diariodigitalmx.com\/wp-content\/uploads\/2025\/01\/FOTO-2-300x207.jpg 300w, https:\/\/diariodigitalmx.com\/wp-content\/uploads\/2025\/01\/FOTO-2-768x529.jpg 768w, https:\/\/diariodigitalmx.com\/wp-content\/uploads\/2025\/01\/FOTO-2-1536x1058.jpg 1536w, https:\/\/diariodigitalmx.com\/wp-content\/uploads\/2025\/01\/FOTO-2-2048x1410.jpg 2048w\" sizes=\"(max-width: 1024px) 100vw, 1024px\" \/><\/figure>\n\n\n\n<p>A la par se informa que se mantiene activo el alberge de la Colonia Fernando Amilpa que se ubica en Pi\u00f1a y Blas Chumacero a un costado del Centro DIF.<br>Los ciudadanos que deseen reportar personas en situaci\u00f3n de calle y que necesiten apoyo para traslado y protecci\u00f3n, as\u00ed como familias en situaci\u00f3n vulnerable pueden llamar al tel\u00e9fono de Protecci\u00f3n Civil en el<br>81.8397.2911.<br>Los operativos de continuar\u00e1n en los d\u00edas que se registren bajan temperaturas.<br>Protecci\u00f3n Civil de Escobedo recomienda a la poblaci\u00f3n no salir de sus hogares si no es necesario, evitar cambios bruscos de temperatura y corrientes de aire. En caso de salir, cubrir boca y nariz, para evitar respirar el aire frio y usar ropa abrigadora.\u00a0<br>En los hogares se recomienda evitar el uso de fogatas y\/o prender la estufa para calentar los espacios, adem\u00e1s de pide mantener una ventilaci\u00f3n adecuada en los cuartos.<\/p>\n","protected":false},"excerpt":{"rendered":"<p>Como parte de las estrategias implementadas ante el registro de bajas temperaturas, la ma\u00f1ana de este martes el Municipio de Escobedo inici\u00f3 a trav\u00e9s de la Secretar\u00eda de Seguridad Ciudadana el operativo &#8220;Proxpol: Contigo en el fr\u00edo&#8221;.Desde las 5:00 de la ma\u00f1ana elementos Proxpol y de la Direcci\u00f3n de Prevenci\u00f3n Social se desplegaron en diversos [&hellip;]<\/p>\n","protected":false},"author":1,"featured_media":129213,"comment_status":"open","ping_status":"open","sticky":true,"template":"","format":"standard","meta":{"footnotes":""},"categories":[6],"tags":[],"_links":{"self":[{"href":"https:\/\/diariodigitalmx.com\/index.php\/wp-json\/wp\/v2\/posts\/129211"}],"collection":[{"href":"https:\/\/diariodigitalmx.com\/index.php\/wp-json\/wp\/v2\/posts"}],"about":[{"href":"https:\/\/diariodigitalmx.com\/index.php\/wp-json\/wp\/v2\/types\/post"}],"author":[{"embeddable":true,"href":"https:\/\/diariodigitalmx.com\/index.php\/wp-json\/wp\/v2\/users\/1"}],"replies":[{"embeddable":true,"href":"https:\/\/diariodigitalmx.com\/index.php\/wp-json\/wp\/v2\/comments?post=129211"}],"version-history":[{"count":4,"href":"https:\/\/diariodigitalmx.com\/index.php\/wp-json\/wp\/v2\/posts\/129211\/revisions"}],"predecessor-version":[{"id":129221,"href":"https:\/\/diariodigitalmx.com\/index.php\/wp-json\/wp\/v2\/posts\/129211\/revisions\/129221"}],"wp:featuredmedia":[{"embeddable":true,"href":"https:\/\/diariodigitalmx.com\/index.php\/wp-json\/wp\/v2\/media\/129213"}],"wp:attachment":[{"href":"https:\/\/diariodigitalmx.com\/index.php\/wp-json\/wp\/v2\/media?parent=129211"}],"wp:term":[{"taxonomy":"category","embeddable":true,"href":"https:\/\/diariodigitalmx.com\/index.php\/wp-json\/wp\/v2\/categories?post=129211"},{"taxonomy":"post_tag","embeddable":true,"href":"https:\/\/diariodigitalmx.com\/index.php\/wp-json\/wp\/v2\/tags?post=129211"}],"curies":[{"name":"wp","href":"https:\/\/api.w.org\/{rel}","templated":true}]}}