{"id":129264,"date":"2025-01-08T13:58:52","date_gmt":"2025-01-08T19:58:52","guid":{"rendered":"https:\/\/diariodigitalmx.com\/?p=129264"},"modified":"2025-01-08T14:00:53","modified_gmt":"2025-01-08T20:00:53","slug":"llega-a-nl-el-virus-de-metapneumovirus-humano","status":"publish","type":"post","link":"https:\/\/diariodigitalmx.com\/index.php\/2025\/01\/08\/llega-a-nl-el-virus-de-metapneumovirus-humano\/","title":{"rendered":"Llega a NL el virus de metapneumovirus humano"},"content":{"rendered":"\n<p>Monterrey . &#8211;&nbsp; Las autoridades de Salud en la entidad, confirmaron la presencia en Nuevo Le\u00f3n de dos casos de metapneumovirus humano (hMPV), pero descartaron una alerta.<\/p>\n\n\n\n<p>\u201cNo es un virus nuevo, se identific\u00f3 por el a\u00f1o 2000 y cada a\u00f1o produce padecimientos respiratorios, que pueden ir desde un resfriado com\u00fan caracterizado por escurrimiento nasal, tos, falta de aire, pero que en algunos casos puede producir afectaciones en los bronquios\u201d, dijo la secetaria de Salud estatal, Alma Rosa Marroqu\u00edn .<\/p>\n\n\n\n<p>De acuerdo a la funcionaria, los s\u00edntomas del virus es la congesti\u00f3n de las v\u00edas nasales y descarga de secreciones y rinofaringitis.<\/p>\n\n\n\n<p>Tambi\u00e9n alert\u00f3 de otros s\u00edntomas como dolor de garganta, tos y fiebre. Aunque recalc\u00f3 que no es nuevo el virus, si llam\u00f3 a ma poblaci\u00f3n a tomar las precauciones&nbsp; preventivas para evitar un contagio.<\/p>\n\n\n\n<p>Las medidas deben reforzarse en la poblaci\u00f3n vulnerable como adultos mayores, ni\u00f1os y personas inmunocomprometidas, abund\u00f3 la secretaria de Salud. Expuso que al no&nbsp; representar un riesgo significativo, es importante&nbsp; monitorear la&nbsp; enfermedad, especialmente en los grupos m\u00e1s vulnerables.<\/p>\n\n\n\n<p>Entre estos grupos vulnerables se encuentran los menores de 5 a\u00f1os, ancianos, pacientes con enfermedades cr\u00f3nicas y aquellos con condiciones inmunodeficientes.<\/p>\n\n\n\n<p>La funcionaria no identific\u00f3 ni dio detalles acerca de los dos casos contagiados, pero dijo que no requirieron ser hospitalizados.<\/p>\n\n\n\n<p>Sin embargo, aunque no hay un estado de alerta, si se toman las medidas adecuadas para monitorear este virus respiratorio.&nbsp;<\/p>\n\n\n\n<p>Por otro lado, Marroqu\u00edn inform\u00f3 que se han detectado 596 casos de influenza en la temporada invernal con seis muertos, cinco de ellos, en personas mayores a 80 a\u00f1os.<\/p>\n","protected":false},"excerpt":{"rendered":"<p>Monterrey . &#8211;&nbsp; Las autoridades de Salud en la entidad, confirmaron la presencia en Nuevo Le\u00f3n de dos casos de metapneumovirus humano (hMPV), pero descartaron una alerta. \u201cNo es un virus nuevo, se identific\u00f3 por el a\u00f1o 2000 y cada a\u00f1o produce padecimientos respiratorios, que pueden ir desde un resfriado com\u00fan caracterizado por escurrimiento nasal, [&hellip;]<\/p>\n","protected":false},"author":1,"featured_media":129267,"comment_status":"open","ping_status":"open","sticky":true,"template":"","format":"standard","meta":{"footnotes":""},"categories":[6,3,5],"tags":[],"_links":{"self":[{"href":"https:\/\/diariodigitalmx.com\/index.php\/wp-json\/wp\/v2\/posts\/129264"}],"collection":[{"href":"https:\/\/diariodigitalmx.com\/index.php\/wp-json\/wp\/v2\/posts"}],"about":[{"href":"https:\/\/diariodigitalmx.com\/index.php\/wp-json\/wp\/v2\/types\/post"}],"author":[{"embeddable":true,"href":"https:\/\/diariodigitalmx.com\/index.php\/wp-json\/wp\/v2\/users\/1"}],"replies":[{"embeddable":true,"href":"https:\/\/diariodigitalmx.com\/index.php\/wp-json\/wp\/v2\/comments?post=129264"}],"version-history":[{"count":1,"href":"https:\/\/diariodigitalmx.com\/index.php\/wp-json\/wp\/v2\/posts\/129264\/revisions"}],"predecessor-version":[{"id":129265,"href":"https:\/\/diariodigitalmx.com\/index.php\/wp-json\/wp\/v2\/posts\/129264\/revisions\/129265"}],"wp:featuredmedia":[{"embeddable":true,"href":"https:\/\/diariodigitalmx.com\/index.php\/wp-json\/wp\/v2\/media\/129267"}],"wp:attachment":[{"href":"https:\/\/diariodigitalmx.com\/index.php\/wp-json\/wp\/v2\/media?parent=129264"}],"wp:term":[{"taxonomy":"category","embeddable":true,"href":"https:\/\/diariodigitalmx.com\/index.php\/wp-json\/wp\/v2\/categories?post=129264"},{"taxonomy":"post_tag","embeddable":true,"href":"https:\/\/diariodigitalmx.com\/index.php\/wp-json\/wp\/v2\/tags?post=129264"}],"curies":[{"name":"wp","href":"https:\/\/api.w.org\/{rel}","templated":true}]}}