{"id":129392,"date":"2025-01-12T20:50:17","date_gmt":"2025-01-13T02:50:17","guid":{"rendered":"https:\/\/diariodigitalmx.com\/?p=129392"},"modified":"2025-01-12T21:15:14","modified_gmt":"2025-01-13T03:15:14","slug":"americo-asiste-al-informe-de-los-primeros-100-dias-de-claudia-sheinbaum-como-presidenta","status":"publish","type":"post","link":"https:\/\/diariodigitalmx.com\/index.php\/2025\/01\/12\/americo-asiste-al-informe-de-los-primeros-100-dias-de-claudia-sheinbaum-como-presidenta\/","title":{"rendered":"Am\u00e9rico asiste al Informe de los primeros 100 d\u00edas de Claudia Sheinbaum como Presidenta\u00a0"},"content":{"rendered":"\n<p>CDMX..- El gobernador Am\u00e9rico Villarreal asisti\u00f3 al Informe de los primeros 100 d\u00edas de gobierno de la presidenta Claudia Sheinbaum Pardo, realizado en el Z\u00f3calo de la Ciudad de M\u00e9xico, junto a las y los gobernadores del pa\u00eds.&nbsp;&nbsp;<\/p>\n\n\n\n<p>En su mensaje, la Presidenta destac\u00f3 avances en seguridad, programas sociales y relaciones internacionales que han beneficiado a millones de familias mexicanas, con apoyos como pensiones, becas y programas de salud y vivienda, reafirmando su compromiso con la justicia social y la igualdad.&nbsp;&nbsp;<\/p>\n","protected":false},"excerpt":{"rendered":"<p>CDMX..- El gobernador Am\u00e9rico Villarreal asisti\u00f3 al Informe de los primeros 100 d\u00edas de gobierno de la presidenta Claudia Sheinbaum Pardo, realizado en el Z\u00f3calo de la Ciudad de M\u00e9xico, junto a las y los gobernadores del pa\u00eds.&nbsp;&nbsp; En su mensaje, la Presidenta destac\u00f3 avances en seguridad, programas sociales y relaciones internacionales que han beneficiado [&hellip;]<\/p>\n","protected":false},"author":1,"featured_media":129407,"comment_status":"open","ping_status":"open","sticky":true,"template":"","format":"standard","meta":{"footnotes":""},"categories":[14,19],"tags":[],"_links":{"self":[{"href":"https:\/\/diariodigitalmx.com\/index.php\/wp-json\/wp\/v2\/posts\/129392"}],"collection":[{"href":"https:\/\/diariodigitalmx.com\/index.php\/wp-json\/wp\/v2\/posts"}],"about":[{"href":"https:\/\/diariodigitalmx.com\/index.php\/wp-json\/wp\/v2\/types\/post"}],"author":[{"embeddable":true,"href":"https:\/\/diariodigitalmx.com\/index.php\/wp-json\/wp\/v2\/users\/1"}],"replies":[{"embeddable":true,"href":"https:\/\/diariodigitalmx.com\/index.php\/wp-json\/wp\/v2\/comments?post=129392"}],"version-history":[{"count":1,"href":"https:\/\/diariodigitalmx.com\/index.php\/wp-json\/wp\/v2\/posts\/129392\/revisions"}],"predecessor-version":[{"id":129393,"href":"https:\/\/diariodigitalmx.com\/index.php\/wp-json\/wp\/v2\/posts\/129392\/revisions\/129393"}],"wp:featuredmedia":[{"embeddable":true,"href":"https:\/\/diariodigitalmx.com\/index.php\/wp-json\/wp\/v2\/media\/129407"}],"wp:attachment":[{"href":"https:\/\/diariodigitalmx.com\/index.php\/wp-json\/wp\/v2\/media?parent=129392"}],"wp:term":[{"taxonomy":"category","embeddable":true,"href":"https:\/\/diariodigitalmx.com\/index.php\/wp-json\/wp\/v2\/categories?post=129392"},{"taxonomy":"post_tag","embeddable":true,"href":"https:\/\/diariodigitalmx.com\/index.php\/wp-json\/wp\/v2\/tags?post=129392"}],"curies":[{"name":"wp","href":"https:\/\/api.w.org\/{rel}","templated":true}]}}