{"id":129449,"date":"2025-01-13T21:59:41","date_gmt":"2025-01-14T03:59:41","guid":{"rendered":"https:\/\/diariodigitalmx.com\/?p=129449"},"modified":"2025-01-13T22:02:44","modified_gmt":"2025-01-14T04:02:44","slug":"piden-representantes-de-las-juventudes-en-monterrey-frenar-el-alza-en-la-tarifa-del-transporte-publico","status":"publish","type":"post","link":"https:\/\/diariodigitalmx.com\/index.php\/2025\/01\/13\/piden-representantes-de-las-juventudes-en-monterrey-frenar-el-alza-en-la-tarifa-del-transporte-publico\/","title":{"rendered":"Piden representantes de las juventudes en Monterrey frenar el alza en la tarifa del transporte p\u00fablico"},"content":{"rendered":"\n<p>*<em>Se unen institutos de la juventud de la zona metropolitana para hacer el llamado a las autoridades ya que el aumento afecta el derecho a la educaci\u00f3n<\/em><\/p>\n\n\n\n<p>Apoyada por institutos de la juventud de los municipios vecinos, este lunes la directora del INJURE de Monterrey, Maday Cant\u00fa, present\u00f3 una queja ante la Comisi\u00f3n Estatal de Derechos Humanos por el alza en las tarifas camioneras que entra en vigor este martes.<\/p>\n\n\n\n<p>Para la titular del Instituto de la Juventud Regia, el aumento afecta gravemente la movilidad y al bolsillo de cientos de miles de estudiantes.<\/p>\n\n\n\n<figure class=\"wp-block-image size-large\"><img loading=\"lazy\" decoding=\"async\" width=\"1024\" height=\"682\" src=\"https:\/\/diariodigitalmx.com\/wp-content\/uploads\/2025\/01\/INJURE-QUEJA-2-1024x682.jpeg\" alt=\"\" class=\"wp-image-129452\" srcset=\"https:\/\/diariodigitalmx.com\/wp-content\/uploads\/2025\/01\/INJURE-QUEJA-2-1024x682.jpeg 1024w, https:\/\/diariodigitalmx.com\/wp-content\/uploads\/2025\/01\/INJURE-QUEJA-2-300x200.jpeg 300w, https:\/\/diariodigitalmx.com\/wp-content\/uploads\/2025\/01\/INJURE-QUEJA-2-768x512.jpeg 768w, https:\/\/diariodigitalmx.com\/wp-content\/uploads\/2025\/01\/INJURE-QUEJA-2.jpeg 1283w\" sizes=\"(max-width: 1024px) 100vw, 1024px\" \/><\/figure>\n\n\n\n<p>Con la queja inform\u00f3, busca hacer notar las problem\u00e1ticas que enfrentan las juventudes debido a este incremento, el cual vulnera su derecho a la movilidad y representa un obst\u00e1culo para acceder a la educaci\u00f3n, el empleo y otras actividades esenciales.<\/p>\n\n\n\n<p>\u201cEstamos aqu\u00ed y no por temas pol\u00edticos, no es tema de partidos, no es tema de colores, estamos aqu\u00ed diferentes municipios, diferentes administraciones; nosotros los servidores p\u00fablicos estamos comprometidos a crear pol\u00edticas p\u00fablicas inclusivas que motiven a los j\u00f3venes a seguir estudiando, a seguir cumpliendo sus metas, y hoy se nos est\u00e1 negando, se nos est\u00e1 obstaculizando, se nos est\u00e1 limitando\u201d, explic\u00f3.<\/p>\n\n\n\n<p>\u201cEs por eso que hoy decimos no al aumento al transporte p\u00fablico, no a la movilidad deplorable que existe en Nuevo Le\u00f3n\u201d.<\/p>\n\n\n\n<figure class=\"wp-block-image size-large\"><img loading=\"lazy\" decoding=\"async\" width=\"1024\" height=\"682\" src=\"https:\/\/diariodigitalmx.com\/wp-content\/uploads\/2025\/01\/INJURE-QUEJA-3-1024x682.jpeg\" alt=\"\" class=\"wp-image-129453\" srcset=\"https:\/\/diariodigitalmx.com\/wp-content\/uploads\/2025\/01\/INJURE-QUEJA-3-1024x682.jpeg 1024w, https:\/\/diariodigitalmx.com\/wp-content\/uploads\/2025\/01\/INJURE-QUEJA-3-300x200.jpeg 300w, https:\/\/diariodigitalmx.com\/wp-content\/uploads\/2025\/01\/INJURE-QUEJA-3-768x512.jpeg 768w, https:\/\/diariodigitalmx.com\/wp-content\/uploads\/2025\/01\/INJURE-QUEJA-3.jpeg 1283w\" sizes=\"(max-width: 1024px) 100vw, 1024px\" \/><\/figure>\n\n\n\n<p>Seg\u00fan el Censo de la Universidad Aut\u00f3noma de Nuevo Le\u00f3n de 2020, el 67 por ciento de sus estudiantes dependen del metro o de rutas urbanas para trasladarse a sus escuelas.<\/p>\n\n\n\n<p>Muchos de ellos invierten hasta 100 pesos diarios en camiones.<\/p>\n\n\n\n<p>Consideran que el transporte p\u00fablico no solo es esencial para garantizar el acceso a la educaci\u00f3n, sino que tambi\u00e9n representa un derecho fundamental relacionado con la igualdad de oportunidades.<\/p>\n","protected":false},"excerpt":{"rendered":"<p>*Se unen institutos de la juventud de la zona metropolitana para hacer el llamado a las autoridades ya que el aumento afecta el derecho a la educaci\u00f3n Apoyada por institutos de la juventud de los municipios vecinos, este lunes la directora del INJURE de Monterrey, Maday Cant\u00fa, present\u00f3 una queja ante la Comisi\u00f3n Estatal de [&hellip;]<\/p>\n","protected":false},"author":1,"featured_media":129451,"comment_status":"open","ping_status":"open","sticky":true,"template":"","format":"standard","meta":{"footnotes":""},"categories":[6,3,5],"tags":[],"_links":{"self":[{"href":"https:\/\/diariodigitalmx.com\/index.php\/wp-json\/wp\/v2\/posts\/129449"}],"collection":[{"href":"https:\/\/diariodigitalmx.com\/index.php\/wp-json\/wp\/v2\/posts"}],"about":[{"href":"https:\/\/diariodigitalmx.com\/index.php\/wp-json\/wp\/v2\/types\/post"}],"author":[{"embeddable":true,"href":"https:\/\/diariodigitalmx.com\/index.php\/wp-json\/wp\/v2\/users\/1"}],"replies":[{"embeddable":true,"href":"https:\/\/diariodigitalmx.com\/index.php\/wp-json\/wp\/v2\/comments?post=129449"}],"version-history":[{"count":2,"href":"https:\/\/diariodigitalmx.com\/index.php\/wp-json\/wp\/v2\/posts\/129449\/revisions"}],"predecessor-version":[{"id":129454,"href":"https:\/\/diariodigitalmx.com\/index.php\/wp-json\/wp\/v2\/posts\/129449\/revisions\/129454"}],"wp:featuredmedia":[{"embeddable":true,"href":"https:\/\/diariodigitalmx.com\/index.php\/wp-json\/wp\/v2\/media\/129451"}],"wp:attachment":[{"href":"https:\/\/diariodigitalmx.com\/index.php\/wp-json\/wp\/v2\/media?parent=129449"}],"wp:term":[{"taxonomy":"category","embeddable":true,"href":"https:\/\/diariodigitalmx.com\/index.php\/wp-json\/wp\/v2\/categories?post=129449"},{"taxonomy":"post_tag","embeddable":true,"href":"https:\/\/diariodigitalmx.com\/index.php\/wp-json\/wp\/v2\/tags?post=129449"}],"curies":[{"name":"wp","href":"https:\/\/api.w.org\/{rel}","templated":true}]}}