{"id":129549,"date":"2025-01-15T00:02:00","date_gmt":"2025-01-15T06:02:00","guid":{"rendered":"https:\/\/diariodigitalmx.com\/?p=129549"},"modified":"2025-01-15T00:06:34","modified_gmt":"2025-01-15T06:06:34","slug":"el-ejercito-de-solidarios","status":"publish","type":"post","link":"https:\/\/diariodigitalmx.com\/index.php\/2025\/01\/15\/el-ejercito-de-solidarios\/","title":{"rendered":"El ej\u00e9rcito de solidarios"},"content":{"rendered":"\n<p>Gerson G\u00f3mez Salas<\/p>\n\n\n\n<p>En varios puntos son visibles. Personajes an\u00f3nimos tocados por amor colocaron ropa en desuso. No tiene costo alguno. El transe\u00fante puede llevar la prenda. Mientras los pron\u00f3sticos para la siguiente semana avizoran baja de temperaturas.<\/p>\n\n\n\n<p>Desconfiamos, como sociedad, de los buenos modales de las instancias gubernamentales. Preferimos el apoyo silencioso. La postura de aquellos identificados a las causas perdidas.<\/p>\n\n\n\n<p>Muchas denominaciones de cat\u00f3licos y evang\u00e9licos tambi\u00e9n obsequian alimentos afuera de los hospitales. Al menesteroso dan pan. Siguen a pie juntillas los postulados de amar al pr\u00f3jimo como a s\u00ed mismos.<\/p>\n\n\n\n<p>Hace falta ante la inminente oleada de deportados y de inmigrantes del sue\u00f1o americano preparase. Remendar las chamarras. Adecentar las prendas de salida. Por cambio de moda o de \u00faltima generaci\u00f3n.<\/p>\n\n\n\n<p>Lo importante es unir las manos a las obras inconclusas. Volver a creer en quienes est\u00e1n de paso. Son llevados por la necesidad. El hambre los priv\u00f3 de permanecer en sus pueblos originales.<\/p>\n\n\n\n<p>Mirar como iguales. Nada de apestados sociales. Todos en alg\u00fan momento pasamos por malas rachas o temporales donde el viento corre en contra.<\/p>\n\n\n\n<p>Venga a nos el reino de buscar supervivientes. La situaci\u00f3n de calle deprime a cualquiera. Acerarse a conversar con dignidad. Secar las l\u00e1grimas en esos rostros ajados de tanto resistir.<\/p>\n\n\n\n<p>Evite enviar a la basura las prendas. Tomar\u00e1 tiempo resanar las heridas en todas nuestras metr\u00f3polis atoradas en las redes inmundas del crimen organizado.<\/p>\n\n\n\n<p>Sea previsor. La intuici\u00f3n de quien habla con la verdad. Evitar a los vivales de siempre. Conscientes del hoy por ti, ma\u00f1ana por m\u00ed.<\/p>\n","protected":false},"excerpt":{"rendered":"<p>Gerson G\u00f3mez Salas En varios puntos son visibles. Personajes an\u00f3nimos tocados por amor colocaron ropa en desuso. No tiene costo alguno. El transe\u00fante puede llevar la prenda. Mientras los pron\u00f3sticos para la siguiente semana avizoran baja de temperaturas. Desconfiamos, como sociedad, de los buenos modales de las instancias gubernamentales. Preferimos el apoyo silencioso. La postura [&hellip;]<\/p>\n","protected":false},"author":1,"featured_media":129551,"comment_status":"open","ping_status":"open","sticky":true,"template":"","format":"standard","meta":{"footnotes":""},"categories":[12,5],"tags":[],"_links":{"self":[{"href":"https:\/\/diariodigitalmx.com\/index.php\/wp-json\/wp\/v2\/posts\/129549"}],"collection":[{"href":"https:\/\/diariodigitalmx.com\/index.php\/wp-json\/wp\/v2\/posts"}],"about":[{"href":"https:\/\/diariodigitalmx.com\/index.php\/wp-json\/wp\/v2\/types\/post"}],"author":[{"embeddable":true,"href":"https:\/\/diariodigitalmx.com\/index.php\/wp-json\/wp\/v2\/users\/1"}],"replies":[{"embeddable":true,"href":"https:\/\/diariodigitalmx.com\/index.php\/wp-json\/wp\/v2\/comments?post=129549"}],"version-history":[{"count":1,"href":"https:\/\/diariodigitalmx.com\/index.php\/wp-json\/wp\/v2\/posts\/129549\/revisions"}],"predecessor-version":[{"id":129550,"href":"https:\/\/diariodigitalmx.com\/index.php\/wp-json\/wp\/v2\/posts\/129549\/revisions\/129550"}],"wp:featuredmedia":[{"embeddable":true,"href":"https:\/\/diariodigitalmx.com\/index.php\/wp-json\/wp\/v2\/media\/129551"}],"wp:attachment":[{"href":"https:\/\/diariodigitalmx.com\/index.php\/wp-json\/wp\/v2\/media?parent=129549"}],"wp:term":[{"taxonomy":"category","embeddable":true,"href":"https:\/\/diariodigitalmx.com\/index.php\/wp-json\/wp\/v2\/categories?post=129549"},{"taxonomy":"post_tag","embeddable":true,"href":"https:\/\/diariodigitalmx.com\/index.php\/wp-json\/wp\/v2\/tags?post=129549"}],"curies":[{"name":"wp","href":"https:\/\/api.w.org\/{rel}","templated":true}]}}