{"id":129663,"date":"2025-01-17T08:42:25","date_gmt":"2025-01-17T14:42:25","guid":{"rendered":"https:\/\/diariodigitalmx.com\/?p=129663"},"modified":"2025-01-17T08:48:02","modified_gmt":"2025-01-17T14:48:02","slug":"toma-forma-la-eleccion-judicial","status":"publish","type":"post","link":"https:\/\/diariodigitalmx.com\/index.php\/2025\/01\/17\/toma-forma-la-eleccion-judicial\/","title":{"rendered":"Toma forma la elecci\u00f3n judicial"},"content":{"rendered":"\n<p>De frente y de perfil<\/p>\n\n\n\n<p>Ram\u00f3n Zurita Sahag\u00fan<\/p>\n\n\n\n<p>La elecci\u00f3n de los miembros del Poder Judicial por la v\u00eda directa del sufragio gener\u00f3 pol\u00e9mica y hasta el momento no todos est\u00e1n conforme con esta decisi\u00f3n que reform\u00f3 la Constituci\u00f3n.<\/p>\n\n\n\n<p>Los principales opositores son abogados y dirigentes de los partidos opositores, aunque dentro de los propios partidos de la alianza gobernante hay inconformidad y dudas sobre las bondades de esta medida.<\/p>\n\n\n\n<p>Menos de cinco meses faltan para que los electores acudamos a las urnas y a\u00fan desconocemos las formas en que se celebrar\u00e1n esos comicios.<\/p>\n\n\n\n<p>Las reglas todav\u00eda no se conocen y el INE deber\u00e1 apurarse para aprobarlas y darlas a conocer.<\/p>\n\n\n\n<p>Por lo pronto hay distintas aduanas que deber\u00e1n pasar los casi veinte mil aspirantes a los cargos de ministr@s de la Corte, jueces y magistrad@s, aunque hace un par de d\u00eda se redujo el n\u00famero al constatar que muchos no cubren los requisitos necesarios para participar.<\/p>\n\n\n\n<p>El Comit\u00e9 de Evaluaci\u00f3n del Poder Legislativo hizo depuraci\u00f3n de los registrados, al reducir de m\u00e1s de diez mil aspirantes a poco m\u00e1s de cinco mil y se realizan entrevistas a quienes desean ser ministros, jueces o magistrados.<\/p>\n\n\n\n<p>Los aspirantes son evaluados, para confirmar que las personas seleccionadas est\u00e9n calificadas para ocupar esos cargos que anteriormente no ten\u00edan el barniz de las urnas.<\/p>\n\n\n\n<p>Entre los requisitos que deber\u00e1n reunir los candidatos se encuentran experiencia jur\u00eddica, buena fama y actividad acad\u00e9mica. Aquellos que cumplan con esas caracter\u00edsticas despu\u00e9s son evaluados con sus conocimientos t\u00e9cnico-jur\u00eddicos, experiencias, propuestas para mejorar el sistema de impartici\u00f3n de justicia y liderazgo y humanismo.<\/p>\n\n\n\n<p>Despu\u00e9s de eso el 31 de enero se dar\u00e1n a conocer los nombres de quienes pasan a la siguiente etapa, aunque la prueba final es la de las t\u00f3mbolas o insaculaci\u00f3n, donde ya no vale ser los mejor capacitados, ni haber obtenido las m\u00e1s altas calificaciones, para pasar a la prueba de las urnas.<\/p>\n\n\n\n<p>En la Corte solamente hay nueve sillas disponibles, tres de ellas, se dice, ya est\u00e1n apartadas para las ministras Yasm\u00edn Esquivel, Lenia Batres y Loretta Ortiz, por lo que del grueso n\u00famero de aspirantes solamente dos mujeres m\u00e1s podr\u00e1n hacerlo, al igual que cuatro varones.<\/p>\n\n\n\n<p>Los cargos de ministros y ministras de la Corte son los m\u00e1s anhelados para los abogados, aunque la reducci\u00f3n a solamente nueve lugares (dos menos que los actuales) hace que la plaza sea sumamente disputada.<\/p>\n\n\n\n<p>Los aspirantes deben guardar compostura y no hacer lo que las tres mujeres que se mantienen como ministras han venido haciendo, proselitismo, lo que est\u00e1 prohibido, sin que ninguna de ellas haya sido amonestada por ello, ya que hasta la fecha se carece de reglas, por lo que se espera que al existir estas se sancione a quienes celebraron actos anticipados de campa\u00f1a o proselitismo dentro del pa\u00eds o fuera de \u00e9l.<\/p>\n\n\n\n<p>La crisis de los dineros del INE para realizar dicho proceso electoral ya fue dejada atr\u00e1s y el organismo electoral se comprometi\u00f3 a efectuarlos con eficacia.<\/p>\n\n\n\n<p>Eso s\u00ed, ser\u00e1 solamente una elecci\u00f3n para los empadronados en el pa\u00eds y no tendr\u00e1n acceso a ella los votantes de otros pa\u00edses como s\u00ed sucedi\u00f3 en la elecci\u00f3n presidencial.<\/p>\n\n\n\n<p>Sin embargo, se requiere que las autoridades den a conocer todo lo concerniente a la elecci\u00f3n y las forma de votar, para que los ciudadanos acudan a las urnas, ya que, por el momento, son pocos los empadronados que saben de este proceso electoral.<\/p>\n\n\n\n<p><a href=\"mailto:ramonzurita44@hotmail.com\" target=\"_blank\" rel=\"noreferrer noopener\">ramonzurita44@hotmail.com<\/a><\/p>\n\n\n\n<p><a href=\"mailto:ramonzurita44@gmail.co\" target=\"_blank\" rel=\"noreferrer noopener\">ramonzurita44@gmail.co<\/a><\/p>\n","protected":false},"excerpt":{"rendered":"<p>De frente y de perfil Ram\u00f3n Zurita Sahag\u00fan La elecci\u00f3n de los miembros del Poder Judicial por la v\u00eda directa del sufragio gener\u00f3 pol\u00e9mica y hasta el momento no todos est\u00e1n conforme con esta decisi\u00f3n que reform\u00f3 la Constituci\u00f3n. Los principales opositores son abogados y dirigentes de los partidos opositores, aunque dentro de los propios [&hellip;]<\/p>\n","protected":false},"author":1,"featured_media":129666,"comment_status":"open","ping_status":"open","sticky":true,"template":"","format":"standard","meta":{"footnotes":""},"categories":[14,12],"tags":[],"_links":{"self":[{"href":"https:\/\/diariodigitalmx.com\/index.php\/wp-json\/wp\/v2\/posts\/129663"}],"collection":[{"href":"https:\/\/diariodigitalmx.com\/index.php\/wp-json\/wp\/v2\/posts"}],"about":[{"href":"https:\/\/diariodigitalmx.com\/index.php\/wp-json\/wp\/v2\/types\/post"}],"author":[{"embeddable":true,"href":"https:\/\/diariodigitalmx.com\/index.php\/wp-json\/wp\/v2\/users\/1"}],"replies":[{"embeddable":true,"href":"https:\/\/diariodigitalmx.com\/index.php\/wp-json\/wp\/v2\/comments?post=129663"}],"version-history":[{"count":1,"href":"https:\/\/diariodigitalmx.com\/index.php\/wp-json\/wp\/v2\/posts\/129663\/revisions"}],"predecessor-version":[{"id":129664,"href":"https:\/\/diariodigitalmx.com\/index.php\/wp-json\/wp\/v2\/posts\/129663\/revisions\/129664"}],"wp:featuredmedia":[{"embeddable":true,"href":"https:\/\/diariodigitalmx.com\/index.php\/wp-json\/wp\/v2\/media\/129666"}],"wp:attachment":[{"href":"https:\/\/diariodigitalmx.com\/index.php\/wp-json\/wp\/v2\/media?parent=129663"}],"wp:term":[{"taxonomy":"category","embeddable":true,"href":"https:\/\/diariodigitalmx.com\/index.php\/wp-json\/wp\/v2\/categories?post=129663"},{"taxonomy":"post_tag","embeddable":true,"href":"https:\/\/diariodigitalmx.com\/index.php\/wp-json\/wp\/v2\/tags?post=129663"}],"curies":[{"name":"wp","href":"https:\/\/api.w.org\/{rel}","templated":true}]}}