{"id":1297,"date":"2019-03-20T12:36:59","date_gmt":"2019-03-20T18:36:59","guid":{"rendered":"http:\/\/diariodigitalmx.com\/?p=1297"},"modified":"2019-03-20T12:37:00","modified_gmt":"2019-03-20T18:37:00","slug":"retienen-camion-que-eleva-tarifas-urbanas","status":"publish","type":"post","link":"https:\/\/diariodigitalmx.com\/index.php\/2019\/03\/20\/retienen-camion-que-eleva-tarifas-urbanas\/","title":{"rendered":"Retienen cami\u00f3n que eleva tarifas urbanas"},"content":{"rendered":"\n<p>David Casas<\/p>\n\n\n\n<p>El problema de las tarifas del transporte se desbord\u00f3 en la zona conurbada regiomontana al grado de que integrantes de la organizaci\u00f3n \u00danete Pueblo retuvo por varias horas un cami\u00f3n de la ruta 400.<\/p>\n\n\n\n<p>La ruta 400 aument\u00f3 desde el lunes las tarifas de doce a 17 pesos luego de que se ampar\u00f3 al respecto, mientras declin\u00f3 escuchar el llamado del Estado de no elevar el cobro.<\/p>\n\n\n\n<p><br>Los miembros de \u00fanete Pueblo, organizaci\u00f3n que ha combatido desde a\u00f1o el mal servicio camionero y las tarifas, acudieron a &nbsp;la Avenida Colosio, en la Colonia San Gilberto, al poniente de la zona metropolitana y tras subir a una unidad comprobaron que&nbsp; cobraba 17 pesos, por lo que no la dejaron circular y evitaron que siguiera adelante.<br><br>Retuvieron el cami\u00f3n y con pancartas exigieron la presencia del due\u00f1o de la ruta, Abelardo Mart\u00ednez, adem\u00e1s de exigir la destituci\u00f3n del Director de la Agencia Estatal del Transporte, Jorge Longoria a quien acusaron de no aplicar la ley ni sancionar.<br><br>Roc\u00edo Montalvo, vocera de \u00danete Pueblo, dijo que decidieron hacer la protesta debido a que esta empresa es una ruta metropolitana y no suburbana, por lo que no puede estar cobrando la tarifa de 17 pesos.<br><br>&#8220;Venimos cinco compa\u00f1eros atendiendo la demanda de los usuarios, que han tenido que pagar los 17; ya retuvimos un cami\u00f3n y documentamos que se le cobr\u00f3 17 pesos, a pesar de que el Gobernador dijo que se pagara s\u00f3lo 12 pesos. \u00bfQu\u00e9 estamos haciendo?, demandando al director de la Agencia que brinde una ruta alterna a los usuarios porque de manera oficial esta ruta es urbana y no suburbana, y no puede estar cobrando los 17 pesos&#8221;.<br><br>La protesta y retenci\u00f3n del cami\u00f3n dur\u00f3 desde la 6:00 y hasta las 09:30 horas, luego de que el mismo director de la Agencia del Transporte, Jorge Longoria, y hasta el Secretario de Gobierno, Manuel Gonz\u00e1lez, hablaron con Montalvo, a quien le informaron que en el transcurso del d\u00eda le dar\u00edan respuesta a sus peticiones.<br><br>Dentro de las peticiones que est\u00e1n demandado, adem\u00e1s de cancelar esa tarifa, \u00danete Pueblo exige estar presentes en las mesas de trabajo del Consejo Estatal de Transporte y brindar rutas alternas a los usuarios, sobre todo en aquellas rutas que est\u00e1n amparadas y est\u00e1n cobrando el tarifazo.<\/p>\n\n\n\n<p>Otras rutas como la uno han elevado de doce a quince pesos la tarifas, pero solamente las que operan en municipios suburbanos uy no en el \u00e1rea metropolitana aunque la 400 toca un \u00e1rea conurbada.<\/p>\n\n\n\n<p>Desde hace meses el gobierno se ha negado a autorizar el alza de tarifas y las negociaciones se mantienen al respecto..<\/p>\n","protected":false},"excerpt":{"rendered":"<p>David Casas El problema de las tarifas del transporte se desbord\u00f3 en la zona conurbada regiomontana al grado de que integrantes de la organizaci\u00f3n \u00danete Pueblo retuvo por varias horas un cami\u00f3n de la ruta 400. La ruta 400 aument\u00f3 desde el lunes las tarifas de doce a 17 pesos luego de que se ampar\u00f3 [&hellip;]<\/p>\n","protected":false},"author":1,"featured_media":1298,"comment_status":"open","ping_status":"open","sticky":true,"template":"","format":"standard","meta":{"footnotes":""},"categories":[6,3],"tags":[],"_links":{"self":[{"href":"https:\/\/diariodigitalmx.com\/index.php\/wp-json\/wp\/v2\/posts\/1297"}],"collection":[{"href":"https:\/\/diariodigitalmx.com\/index.php\/wp-json\/wp\/v2\/posts"}],"about":[{"href":"https:\/\/diariodigitalmx.com\/index.php\/wp-json\/wp\/v2\/types\/post"}],"author":[{"embeddable":true,"href":"https:\/\/diariodigitalmx.com\/index.php\/wp-json\/wp\/v2\/users\/1"}],"replies":[{"embeddable":true,"href":"https:\/\/diariodigitalmx.com\/index.php\/wp-json\/wp\/v2\/comments?post=1297"}],"version-history":[{"count":1,"href":"https:\/\/diariodigitalmx.com\/index.php\/wp-json\/wp\/v2\/posts\/1297\/revisions"}],"predecessor-version":[{"id":1299,"href":"https:\/\/diariodigitalmx.com\/index.php\/wp-json\/wp\/v2\/posts\/1297\/revisions\/1299"}],"wp:featuredmedia":[{"embeddable":true,"href":"https:\/\/diariodigitalmx.com\/index.php\/wp-json\/wp\/v2\/media\/1298"}],"wp:attachment":[{"href":"https:\/\/diariodigitalmx.com\/index.php\/wp-json\/wp\/v2\/media?parent=1297"}],"wp:term":[{"taxonomy":"category","embeddable":true,"href":"https:\/\/diariodigitalmx.com\/index.php\/wp-json\/wp\/v2\/categories?post=1297"},{"taxonomy":"post_tag","embeddable":true,"href":"https:\/\/diariodigitalmx.com\/index.php\/wp-json\/wp\/v2\/tags?post=1297"}],"curies":[{"name":"wp","href":"https:\/\/api.w.org\/{rel}","templated":true}]}}