{"id":129730,"date":"2025-01-18T20:37:05","date_gmt":"2025-01-19T02:37:05","guid":{"rendered":"https:\/\/diariodigitalmx.com\/?p=129730"},"modified":"2025-01-18T20:39:02","modified_gmt":"2025-01-19T02:39:02","slug":"mal-inicio-de-ano","status":"publish","type":"post","link":"https:\/\/diariodigitalmx.com\/index.php\/2025\/01\/18\/mal-inicio-de-ano\/","title":{"rendered":"Mal inicio de a\u00f1o\u2026"},"content":{"rendered":"\n<p>Cosas del Tony<\/p>\n\n\n\n<p>Por: Antonio S\u00e1nchez R.<\/p>\n\n\n\n<p>Dice un viejo refr\u00e1n que \u201cmal empieza la semana para el que ahorcan en lunes\u201d. Y al parecer, dicho refr\u00e1n se ajusta a la perfecci\u00f3n a nuestro FosfoGober, \u201cInocencio\u201d Garc\u00eda Sep\u00falveda, quien adem\u00e1s de haber cerrado de p\u00e9sima forma el 2024, este nuevo a\u00f1o lo inici\u00f3 con el pie izquierdo, con todo en contra y si alguien pensaba que algo podr\u00eda \u201crescatarse\u201d de la relaci\u00f3n con el congreso, les podemos adelantar que nom\u00e1s no habr\u00e1 \u201cde pi\u00f1a\u201d.<\/p>\n\n\n\n<p>M\u00e1s bien, las pi\u00f1as llegar\u00e1n por otros rumbos, puesto que cada vez son m\u00e1s los gritos de la ciudadan\u00eda nuevoleonesa, con quejas en todos los sentidos, sobre todo en el asunto de transporte urbano, que ha sido el problema que m\u00e1s le ha acarreado \u201cdolores de cabeza\u201d al ejecutivo estatal, por haber autorizado un incremento a las tarifas camioneras.<\/p>\n\n\n\n<p>Pero la bronca del transporte no s\u00f3lo radica en el aumento inmediato y ese que vendr\u00e1 tipo \u201cdeslizamiento\u201d, no. Lo peor de todo es que la gente que \u201cdecide\u201d el qu\u00e9 y el c\u00f3mo, sin tener conocimiento pleno de lo que padecen los usuarios, han decidido que en un plazo determinado, los pagos se har\u00e1n de manera digital, con tarjetas o mediante la aplicaci\u00f3n de Urbani, cortando de tajo el pago en efectivo y la tarjeta \u201cFeria\u201d.<\/p>\n\n\n\n<p>Deber\u00edan saber que no toda la gente le sabe a eso de las aplicaciones o las tarjetas, \u00bfeh?, adem\u00e1s de que los usuarios no acostumbrados a ello que adem\u00e1s no saben qu\u00e9 rutas aceptan efectivo y cu\u00e1les no, en ocasiones se quedan sin transporte, s\u00f3lo porque la carcacha que iban a tomar, s\u00f3lo aceptan tarjeta o la aplicaci\u00f3n.<\/p>\n\n\n\n<p>La desesperaci\u00f3n va en aumento, se aprecia en los usuarios una muy natural molestia por algo que, adem\u00e1s de lesionar de manera dram\u00e1tica su econom\u00eda, que perfora sus bolsillos, tambi\u00e9n les afecta en sus tiempos, ya que las esperas para abordar una unidad que les lleve a sus trabajos o de regreso a sus hogares, son muy prolongadas y hay quienes dicen pasarse m\u00e1s tiempo en desplazarse que lo que est\u00e1n en sus hogares.<\/p>\n\n\n\n<p>Pero este padecimiento, al parecer cuento de nunca acabar, tiene su origen en la terquedad de un gobernante que no ha tenido el tacto suficiente ni la sensibilidad necesaria para entender a sus \u201cgobernados\u201d. Para \u201cInocencio\u201d todo es color de rosa, no hay broncas, pero nada m\u00e1s es cuesti\u00f3n de salir a la calle para darse cuenta de que las \u201cmentadas\u201d hacia \u00e9l est\u00e1n al por mayor y pues aqu\u00ed s\u00ed que cabe aquello de que \u201cno hay peor ciego que el que no quiere ver\u201d.<\/p>\n\n\n\n<p>A la dram\u00e1tica crisis del transporte, agr\u00e9guele usted el clima de inseguridad que se vive en casi todo el estado, sobre todo en los municipios del \u00e1rea metropolitana y algunos adyacentes, en los que no puedes salir a la calle sin el riesgo de que te pueda alcanzar una \u201cbala perdida\u201d surgida del arma de criminales que hasta a plena luz del d\u00eda se enfrentan, por disputas entre ellos, llev\u00e1ndose de encuentro a quien ose atravesarse.<\/p>\n\n\n\n<p>Hace unos d\u00edas, a plena luz del d\u00eda, un ciudadano fue asaltado a la salida de un banco, despoj\u00e1ndolo de 200 mil pesos que reci\u00e9n hab\u00eda retirado. En estos casos, no cabe la menor duda de que a quienes se deber\u00eda investigar, de inicio, es a los empleados que intervinieron en la operaci\u00f3n de retiro, pues podr\u00edan ser los que les dan el \u201cpitazo\u201d a los ladrones.<\/p>\n\n\n\n<p>Los asaltos est\u00e1n por todos lados. Vaya, hasta instituciones oficiales, como Agua y Drenaje, implementan \u201cmecanismos\u201d para hincarle el diente a los ciudadanos, al pobre \u201cpueblo sabio\u201d que no tiene otro remedio m\u00e1s que apechugar y pensar que \u201cno hay mal que dure m\u00e1s de seis a\u00f1os\u201d, \u00bfverdad?<\/p>\n","protected":false},"excerpt":{"rendered":"<p>Cosas del Tony Por: Antonio S\u00e1nchez R. Dice un viejo refr\u00e1n que \u201cmal empieza la semana para el que ahorcan en lunes\u201d. Y al parecer, dicho refr\u00e1n se ajusta a la perfecci\u00f3n a nuestro FosfoGober, \u201cInocencio\u201d Garc\u00eda Sep\u00falveda, quien adem\u00e1s de haber cerrado de p\u00e9sima forma el 2024, este nuevo a\u00f1o lo inici\u00f3 con el [&hellip;]<\/p>\n","protected":false},"author":1,"featured_media":129732,"comment_status":"open","ping_status":"open","sticky":true,"template":"","format":"standard","meta":{"footnotes":""},"categories":[14,12],"tags":[],"_links":{"self":[{"href":"https:\/\/diariodigitalmx.com\/index.php\/wp-json\/wp\/v2\/posts\/129730"}],"collection":[{"href":"https:\/\/diariodigitalmx.com\/index.php\/wp-json\/wp\/v2\/posts"}],"about":[{"href":"https:\/\/diariodigitalmx.com\/index.php\/wp-json\/wp\/v2\/types\/post"}],"author":[{"embeddable":true,"href":"https:\/\/diariodigitalmx.com\/index.php\/wp-json\/wp\/v2\/users\/1"}],"replies":[{"embeddable":true,"href":"https:\/\/diariodigitalmx.com\/index.php\/wp-json\/wp\/v2\/comments?post=129730"}],"version-history":[{"count":1,"href":"https:\/\/diariodigitalmx.com\/index.php\/wp-json\/wp\/v2\/posts\/129730\/revisions"}],"predecessor-version":[{"id":129731,"href":"https:\/\/diariodigitalmx.com\/index.php\/wp-json\/wp\/v2\/posts\/129730\/revisions\/129731"}],"wp:featuredmedia":[{"embeddable":true,"href":"https:\/\/diariodigitalmx.com\/index.php\/wp-json\/wp\/v2\/media\/129732"}],"wp:attachment":[{"href":"https:\/\/diariodigitalmx.com\/index.php\/wp-json\/wp\/v2\/media?parent=129730"}],"wp:term":[{"taxonomy":"category","embeddable":true,"href":"https:\/\/diariodigitalmx.com\/index.php\/wp-json\/wp\/v2\/categories?post=129730"},{"taxonomy":"post_tag","embeddable":true,"href":"https:\/\/diariodigitalmx.com\/index.php\/wp-json\/wp\/v2\/tags?post=129730"}],"curies":[{"name":"wp","href":"https:\/\/api.w.org\/{rel}","templated":true}]}}