{"id":129758,"date":"2025-01-19T19:02:14","date_gmt":"2025-01-20T01:02:14","guid":{"rendered":"https:\/\/diariodigitalmx.com\/?p=129758"},"modified":"2025-01-19T19:21:23","modified_gmt":"2025-01-20T01:21:23","slug":"por-acciones-destacadas-reconoce-escobedo-a-sus-policias","status":"publish","type":"post","link":"https:\/\/diariodigitalmx.com\/index.php\/2025\/01\/19\/por-acciones-destacadas-reconoce-escobedo-a-sus-policias\/","title":{"rendered":"Por acciones destacadas, reconoce Escobedo a sus polic\u00edas"},"content":{"rendered":"\n<p>En reconocimiento al trabajo que a diario realizan en beneficio de los ciudadanos, el Gobierno de Escobedo reconoci\u00f3 este domingo a m\u00e1s de 140 polic\u00edas de la Secretar\u00eda de Seguridad Ciudadana.<br>El Alcalde Andr\u00e9s Mijes junto a Jaime Zurricanday, Tesorero Municipal y el Capit\u00e1n Marco Antonio Zavala, Secretario de Seguridad Ciudadana, reconocieron la destacada labor de los elementos de PROXPOL quienes han realizado importantes actos para salvaguardar la Ciudad y mantener el orden y la paz en las comunidades.<\/p>\n\n\n\n<figure class=\"wp-block-image size-large\"><img loading=\"lazy\" decoding=\"async\" width=\"1024\" height=\"675\" src=\"https:\/\/diariodigitalmx.com\/wp-content\/uploads\/2025\/01\/WhatsApp-Image-2025-01-19-at-12.39.30-PM-3-1024x675.jpeg\" alt=\"\" class=\"wp-image-129779\" srcset=\"https:\/\/diariodigitalmx.com\/wp-content\/uploads\/2025\/01\/WhatsApp-Image-2025-01-19-at-12.39.30-PM-3-1024x675.jpeg 1024w, https:\/\/diariodigitalmx.com\/wp-content\/uploads\/2025\/01\/WhatsApp-Image-2025-01-19-at-12.39.30-PM-3-300x198.jpeg 300w, https:\/\/diariodigitalmx.com\/wp-content\/uploads\/2025\/01\/WhatsApp-Image-2025-01-19-at-12.39.30-PM-3-768x506.jpeg 768w, https:\/\/diariodigitalmx.com\/wp-content\/uploads\/2025\/01\/WhatsApp-Image-2025-01-19-at-12.39.30-PM-3-1536x1013.jpeg 1536w, https:\/\/diariodigitalmx.com\/wp-content\/uploads\/2025\/01\/WhatsApp-Image-2025-01-19-at-12.39.30-PM-3.jpeg 1600w\" sizes=\"(max-width: 1024px) 100vw, 1024px\" \/><\/figure>\n\n\n\n<p>En mensaje, Mijes mencion\u00f3 que uno de los pilares de la 4T Norte\u00f1a es la seguridad por ello hoy reconocen a quien cuida del Municipio y a\u00f1adi\u00f3 que este reconocimiento incentiva a los elementos para que realicen mejor su labor cada d\u00eda.<\/p>\n\n\n\n<figure class=\"wp-block-image size-large\"><img loading=\"lazy\" decoding=\"async\" width=\"1024\" height=\"681\" src=\"https:\/\/diariodigitalmx.com\/wp-content\/uploads\/2025\/01\/WhatsApp-Image-2025-01-19-at-12.39.30-PM-1-1024x681.jpeg\" alt=\"\" class=\"wp-image-129775\" srcset=\"https:\/\/diariodigitalmx.com\/wp-content\/uploads\/2025\/01\/WhatsApp-Image-2025-01-19-at-12.39.30-PM-1-1024x681.jpeg 1024w, https:\/\/diariodigitalmx.com\/wp-content\/uploads\/2025\/01\/WhatsApp-Image-2025-01-19-at-12.39.30-PM-1-300x199.jpeg 300w, https:\/\/diariodigitalmx.com\/wp-content\/uploads\/2025\/01\/WhatsApp-Image-2025-01-19-at-12.39.30-PM-1-768x511.jpeg 768w, https:\/\/diariodigitalmx.com\/wp-content\/uploads\/2025\/01\/WhatsApp-Image-2025-01-19-at-12.39.30-PM-1.jpeg 1280w\" sizes=\"(max-width: 1024px) 100vw, 1024px\" \/><\/figure>\n\n\n\n<p>&#8220;Si algo me llena de orgullo de nuestra polic\u00eda, es que se la juega con Escobedo, se la juega de verdad en la primera l\u00ednea, en la l\u00ednea de los profesionales y los valientes, por eso en lo personal yo me la juego con<br>ustedes, para m\u00ed son una prioridad, no escatimamos recursos y les damos todo lo que est\u00e1 a nuestro alcance\u201d, indic\u00f3 Mijes Llovera.<\/p>\n\n\n\n<figure class=\"wp-block-gallery has-nested-images columns-default is-cropped wp-block-gallery-1 is-layout-flex wp-block-gallery-is-layout-flex\">\n<figure class=\"wp-block-image size-large\"><img loading=\"lazy\" decoding=\"async\" width=\"1024\" height=\"681\" data-id=\"129777\" src=\"https:\/\/diariodigitalmx.com\/wp-content\/uploads\/2025\/01\/WhatsApp-Image-2025-01-19-at-12.39.30-PM-1024x681.jpeg\" alt=\"\" class=\"wp-image-129777\" srcset=\"https:\/\/diariodigitalmx.com\/wp-content\/uploads\/2025\/01\/WhatsApp-Image-2025-01-19-at-12.39.30-PM-1024x681.jpeg 1024w, https:\/\/diariodigitalmx.com\/wp-content\/uploads\/2025\/01\/WhatsApp-Image-2025-01-19-at-12.39.30-PM-300x199.jpeg 300w, https:\/\/diariodigitalmx.com\/wp-content\/uploads\/2025\/01\/WhatsApp-Image-2025-01-19-at-12.39.30-PM-768x511.jpeg 768w, https:\/\/diariodigitalmx.com\/wp-content\/uploads\/2025\/01\/WhatsApp-Image-2025-01-19-at-12.39.30-PM.jpeg 1280w\" sizes=\"(max-width: 1024px) 100vw, 1024px\" \/><\/figure>\n\n\n\n<figure class=\"wp-block-image size-large\"><img loading=\"lazy\" decoding=\"async\" width=\"1024\" height=\"681\" data-id=\"129778\" src=\"https:\/\/diariodigitalmx.com\/wp-content\/uploads\/2025\/01\/WhatsApp-Image-2025-01-19-at-12.39.30-PM-2-1024x681.jpeg\" alt=\"\" class=\"wp-image-129778\" srcset=\"https:\/\/diariodigitalmx.com\/wp-content\/uploads\/2025\/01\/WhatsApp-Image-2025-01-19-at-12.39.30-PM-2-1024x681.jpeg 1024w, https:\/\/diariodigitalmx.com\/wp-content\/uploads\/2025\/01\/WhatsApp-Image-2025-01-19-at-12.39.30-PM-2-300x199.jpeg 300w, https:\/\/diariodigitalmx.com\/wp-content\/uploads\/2025\/01\/WhatsApp-Image-2025-01-19-at-12.39.30-PM-2-768x511.jpeg 768w, https:\/\/diariodigitalmx.com\/wp-content\/uploads\/2025\/01\/WhatsApp-Image-2025-01-19-at-12.39.30-PM-2.jpeg 1280w\" sizes=\"(max-width: 1024px) 100vw, 1024px\" \/><\/figure>\n<\/figure>\n\n\n\n<p>Destac\u00f3 que durante su gesti\u00f3n el polic\u00eda siempre estar\u00e1 protegido, pues con ello se protege tambi\u00e9n a la ciudadan\u00eda, por eso Escobedo es ya una ciudad que est\u00e1 hecha de acero, de valent\u00eda y de disciplina pura.<br>Es por ello que en esta ocasi\u00f3n se reconoci\u00f3 a 80 polic\u00edas que entre octubre a diciembre del a\u00f1o pasado se desempe\u00f1aron con legalidad, profesionalismo, honradez, eficiencia y respeto a los derechos humanos.<br>Adem\u00e1s se distingui\u00f3 a 68 elementos por su trayectoria en la corporaci\u00f3n.<br>En Escobedo, a\u00f1adi\u00f3 el Alcalde, se apuesta a la innovaci\u00f3n de estrategias para combatir la inseguridad, por lo que se continuar\u00e1 reforzando el equipo de la Secretar\u00eda de Seguridad Ciudadana con m\u00e1s patrullas y equipo de \u00faltima generaci\u00f3n.<\/p>\n","protected":false},"excerpt":{"rendered":"<p>En reconocimiento al trabajo que a diario realizan en beneficio de los ciudadanos, el Gobierno de Escobedo reconoci\u00f3 este domingo a m\u00e1s de 140 polic\u00edas de la Secretar\u00eda de Seguridad Ciudadana.El Alcalde Andr\u00e9s Mijes junto a Jaime Zurricanday, Tesorero Municipal y el Capit\u00e1n Marco Antonio Zavala, Secretario de Seguridad Ciudadana, reconocieron la destacada labor de [&hellip;]<\/p>\n","protected":false},"author":1,"featured_media":129783,"comment_status":"open","ping_status":"open","sticky":true,"template":"","format":"standard","meta":{"footnotes":""},"categories":[14,6],"tags":[],"_links":{"self":[{"href":"https:\/\/diariodigitalmx.com\/index.php\/wp-json\/wp\/v2\/posts\/129758"}],"collection":[{"href":"https:\/\/diariodigitalmx.com\/index.php\/wp-json\/wp\/v2\/posts"}],"about":[{"href":"https:\/\/diariodigitalmx.com\/index.php\/wp-json\/wp\/v2\/types\/post"}],"author":[{"embeddable":true,"href":"https:\/\/diariodigitalmx.com\/index.php\/wp-json\/wp\/v2\/users\/1"}],"replies":[{"embeddable":true,"href":"https:\/\/diariodigitalmx.com\/index.php\/wp-json\/wp\/v2\/comments?post=129758"}],"version-history":[{"count":3,"href":"https:\/\/diariodigitalmx.com\/index.php\/wp-json\/wp\/v2\/posts\/129758\/revisions"}],"predecessor-version":[{"id":129782,"href":"https:\/\/diariodigitalmx.com\/index.php\/wp-json\/wp\/v2\/posts\/129758\/revisions\/129782"}],"wp:featuredmedia":[{"embeddable":true,"href":"https:\/\/diariodigitalmx.com\/index.php\/wp-json\/wp\/v2\/media\/129783"}],"wp:attachment":[{"href":"https:\/\/diariodigitalmx.com\/index.php\/wp-json\/wp\/v2\/media?parent=129758"}],"wp:term":[{"taxonomy":"category","embeddable":true,"href":"https:\/\/diariodigitalmx.com\/index.php\/wp-json\/wp\/v2\/categories?post=129758"},{"taxonomy":"post_tag","embeddable":true,"href":"https:\/\/diariodigitalmx.com\/index.php\/wp-json\/wp\/v2\/tags?post=129758"}],"curies":[{"name":"wp","href":"https:\/\/api.w.org\/{rel}","templated":true}]}}