{"id":129853,"date":"2025-01-20T21:02:03","date_gmt":"2025-01-21T03:02:03","guid":{"rendered":"https:\/\/diariodigitalmx.com\/?p=129853"},"modified":"2025-01-20T21:10:37","modified_gmt":"2025-01-21T03:10:37","slug":"se-suma-gobierno-de-tamaulipas-a-estrategia-de-recepcion-mexico-te-abraza","status":"publish","type":"post","link":"https:\/\/diariodigitalmx.com\/index.php\/2025\/01\/20\/se-suma-gobierno-de-tamaulipas-a-estrategia-de-recepcion-mexico-te-abraza\/","title":{"rendered":"Se suma Gobierno de Tamaulipas a estrategia de recepci\u00f3n &#8220;M\u00e9xico te Abraza&#8221;"},"content":{"rendered":"\n<p>Matamoros, Tamaulipas.- Para abordar el impacto que podr\u00eda generar la repatriaci\u00f3n de migrantes en la frontera y definir estrategias que garanticen una atenci\u00f3n humanitaria y segura, en los 20 albergues instalados estrat\u00e9gicamente en la entidad, el secretario de Salud, Vicente Joel Hern\u00e1ndez Navarro, particip\u00f3 junto a los titulares de salud de los estados de Nuevo Le\u00f3n, Coahuila, Chihuahua, Sonora y Baja California en la reuni\u00f3n virtual con el secretario de Salud Federal, David Kershenobich Stalnikowitz para poner en marcha la estrategia efectiva de recepci\u00f3n \u201cM\u00e9xico te Abraza\u201d.<\/p>\n\n\n\n<figure class=\"wp-block-image size-large\"><img loading=\"lazy\" decoding=\"async\" width=\"1024\" height=\"682\" src=\"https:\/\/diariodigitalmx.com\/wp-content\/uploads\/2025\/01\/IMG-20250120-WA0277-1024x682.jpg\" alt=\"\" class=\"wp-image-129858\" srcset=\"https:\/\/diariodigitalmx.com\/wp-content\/uploads\/2025\/01\/IMG-20250120-WA0277-1024x682.jpg 1024w, https:\/\/diariodigitalmx.com\/wp-content\/uploads\/2025\/01\/IMG-20250120-WA0277-300x200.jpg 300w, https:\/\/diariodigitalmx.com\/wp-content\/uploads\/2025\/01\/IMG-20250120-WA0277-768x512.jpg 768w, https:\/\/diariodigitalmx.com\/wp-content\/uploads\/2025\/01\/IMG-20250120-WA0277-1536x1023.jpg 1536w, https:\/\/diariodigitalmx.com\/wp-content\/uploads\/2025\/01\/IMG-20250120-WA0277.jpg 1600w\" sizes=\"(max-width: 1024px) 100vw, 1024px\" \/><\/figure>\n\n\n\n<p>Atendiendo las indicaciones del gobernador, Am\u00e9rico Villarreal Anaya y para dar un paso efectivo al plan integral que implementa la presidenta Claudia Sheinbaum Pardo, en el tema de repatriaci\u00f3n, se acord\u00f3, reforzar las estrategias para fortalecer la atenci\u00f3n m\u00e9dica y humanitaria a la poblaci\u00f3n migrante, redoblar las acciones de prevenci\u00f3n ante la llegada de las bajas temperaturas, adem\u00e1s de aplicar la estrategia de protecci\u00f3n al integrarlos y darles acceso a la prestaci\u00f3n del Seguro de Enfermedades y Maternidad del r\u00e9gimen obligatorio del IMSS.<\/p>\n\n\n\n<p>Durante su participaci\u00f3n virtual y desde este municipio fronterizo, el secretario de Salud en Tamaulipas, inform\u00f3 que en el estado se cuenta con 20 albergues que tienen un capacidad de atenci\u00f3n de m\u00e1s de 7 mil migrantes en condiciones vulnerables, las acciones y estrategias se realizar\u00e1n de manera coordinada con el Sector Salud, Protecci\u00f3n Civil, INM y SEDENA para traslados a refugios y hospitales, adem\u00e1s del fortalecimiento del Centro Regulador de Urgencias M\u00e9dicas (CRUM) para atender emergencias.<\/p>\n\n\n\n<p>La reuni\u00f3n, con el secretario de Salud Federal se realiz\u00f3 de forma virtual y participaron funcionarios de la Secretar\u00eda de Salud estatal desde la jurisdicci\u00f3n sanitaria de Matamoros y las instalaciones de oficia central, reuni\u00f3n en la que tambi\u00e9n particip\u00f3 el director general del Instituto Mexicano del Seguro Social (IMSS), Zo\u00e9 Robledo Aburto.<\/p>\n\n\n\n<p>De igual manera y en reuni\u00f3n realizada con antelaci\u00f3n este fin de semana con los directores jurisdiccionales de Matamoros, Reynosa, Nuevo Laredo, San Fernando, Miguel Alem\u00e1n y Valle Hermoso,&nbsp; Hern\u00e1ndez Navarro, reafirm\u00f3 el compromiso para trabajar por el bien de este grupo y otorgar atenci\u00f3n m\u00e9dica inmediata, reforzar los filtros sanitarios para la detecci\u00f3n de enfermedades; as\u00ed como y de suma importancia, aplicar estrategias para la salud mental y prevenci\u00f3n de violencia en la poblaci\u00f3n repatriada.<\/p>\n","protected":false},"excerpt":{"rendered":"<p>Matamoros, Tamaulipas.- Para abordar el impacto que podr\u00eda generar la repatriaci\u00f3n de migrantes en la frontera y definir estrategias que garanticen una atenci\u00f3n humanitaria y segura, en los 20 albergues instalados estrat\u00e9gicamente en la entidad, el secretario de Salud, Vicente Joel Hern\u00e1ndez Navarro, particip\u00f3 junto a los titulares de salud de los estados de Nuevo [&hellip;]<\/p>\n","protected":false},"author":1,"featured_media":129856,"comment_status":"open","ping_status":"open","sticky":true,"template":"","format":"standard","meta":{"footnotes":""},"categories":[19],"tags":[],"_links":{"self":[{"href":"https:\/\/diariodigitalmx.com\/index.php\/wp-json\/wp\/v2\/posts\/129853"}],"collection":[{"href":"https:\/\/diariodigitalmx.com\/index.php\/wp-json\/wp\/v2\/posts"}],"about":[{"href":"https:\/\/diariodigitalmx.com\/index.php\/wp-json\/wp\/v2\/types\/post"}],"author":[{"embeddable":true,"href":"https:\/\/diariodigitalmx.com\/index.php\/wp-json\/wp\/v2\/users\/1"}],"replies":[{"embeddable":true,"href":"https:\/\/diariodigitalmx.com\/index.php\/wp-json\/wp\/v2\/comments?post=129853"}],"version-history":[{"count":2,"href":"https:\/\/diariodigitalmx.com\/index.php\/wp-json\/wp\/v2\/posts\/129853\/revisions"}],"predecessor-version":[{"id":129859,"href":"https:\/\/diariodigitalmx.com\/index.php\/wp-json\/wp\/v2\/posts\/129853\/revisions\/129859"}],"wp:featuredmedia":[{"embeddable":true,"href":"https:\/\/diariodigitalmx.com\/index.php\/wp-json\/wp\/v2\/media\/129856"}],"wp:attachment":[{"href":"https:\/\/diariodigitalmx.com\/index.php\/wp-json\/wp\/v2\/media?parent=129853"}],"wp:term":[{"taxonomy":"category","embeddable":true,"href":"https:\/\/diariodigitalmx.com\/index.php\/wp-json\/wp\/v2\/categories?post=129853"},{"taxonomy":"post_tag","embeddable":true,"href":"https:\/\/diariodigitalmx.com\/index.php\/wp-json\/wp\/v2\/tags?post=129853"}],"curies":[{"name":"wp","href":"https:\/\/api.w.org\/{rel}","templated":true}]}}