{"id":129947,"date":"2025-01-22T09:17:15","date_gmt":"2025-01-22T15:17:15","guid":{"rendered":"https:\/\/diariodigitalmx.com\/?p=129947"},"modified":"2025-01-22T09:18:45","modified_gmt":"2025-01-22T15:18:45","slug":"temor-en-gobierno","status":"publish","type":"post","link":"https:\/\/diariodigitalmx.com\/index.php\/2025\/01\/22\/temor-en-gobierno\/","title":{"rendered":"Temor en gobierno"},"content":{"rendered":"\n<p>De frente y de perfil<\/p>\n\n\n\n<p>Ram\u00f3n Zurita Sahag\u00fan<\/p>\n\n\n\n<p>El mensaje de Donald Trump fue directo. Actuar en contra de los c\u00e1rteles mexicanos, consider\u00e1ndolos como \u201cterroristas\u201d.<\/p>\n\n\n\n<p>La ratificaci\u00f3n de ello puso en alerta al gobierno mexicano, el que deber\u00e1 enmendar la estrategia en contra de la delincuencia organizada, misma que marcha de alguna forma mejor que en la administraci\u00f3n sexenal pasada.<\/p>\n\n\n\n<p>El escenario nacional se ampli\u00f3 y ahora hay otras entidades sumidas en la ola de violencia que azota al pa\u00eds, desde d\u00e9cadas recientes.<\/p>\n\n\n\n<p>Tabasco se sum\u00f3 a la lista de entidades con mayor violencia e inseguridad, mostrando la ampliaci\u00f3n del territorio de estos grupos armados.<\/p>\n\n\n\n<p>Siendo un estado que hasta hace poco viv\u00eda al margen de la violencia e inseguridad, desde el sexenio pasado se dieron visos de lo que ya se ol\u00eda en el ambiente, el crecimiento de la violencia y la invasi\u00f3n de los llamados c\u00e1rteles de la droga.<\/p>\n\n\n\n<p>El fin de a\u00f1o y el inicio del nuevo dejaron muestras de lo que padece Tabasco, con un nuevo c\u00e1rtel delincuencial \u201cLa Barredora\u201d surgido de las filas de los grupos que apenas permeaban en el estado.<\/p>\n\n\n\n<p>Nadie atendi\u00f3 el hecho y se dej\u00f3 que la delincuencia operara, primero con discreci\u00f3n y luego a plena luz, al comprobar que las autoridades no actuaron.<\/p>\n\n\n\n<p>Ahora Tabasco se encuentra sumido en la misma din\u00e1mica que Sinaloa, Guerrero, Michoac\u00e1n, Sonora, Morelos y otras entidades del pa\u00eds que coexisten bajo la presi\u00f3n del crimen organizado.<\/p>\n\n\n\n<p>El anuncio hecho por el Presidente Trump alert\u00f3 a todos, especialmente a las autoridades y a los propios c\u00e1rteles y grupos delincuenciales, pero tambi\u00e9n a quienes gobiernan esas entidades.<\/p>\n\n\n\n<p>Los gobernadores que han solapado a los grupos delincuenciales se encuentran bajo observancia de las autoridades que plantean pedir cuentas sobre el porqu\u00e9 del crecimiento de la violencia.<\/p>\n\n\n\n<p>Hay quienes se\u00f1alan la tolerancia de los gobernadores de esos estados para coexistir con los grupos delincuenciales, los que pasean libremente por esas regiones, sin que se vean afectados en su participaci\u00f3n de il\u00edcitos.<\/p>\n\n\n\n<p>Rub\u00e9n Rocha, Sinaloa; Evelyn Salgado, Guerrero; Alfredo Ram\u00edrez Bedolla, Michoac\u00e1n y los ex gobernadores de Chiapas, Rutilio Cruz Escand\u00f3n; Tabasco Carlos Manuel Merino y Morelos, Cuauht\u00e9moc Blanco, Morelos, son algunos de los que se encuentran bajo la lupa de las autoridades que analizan el c\u00f3mo y el porqu\u00e9 se dio ese crecimiento acelerado de la violencia.<\/p>\n\n\n\n<p>El anuncio de Trump de considerar a los grupos delincuenciales mexicanos como \u201cterroristas\u201d alert\u00f3 a las autoridades sobre el papel de esos gobernantes.<\/p>\n\n\n\n<p>Y es que durante la pasada administraci\u00f3n federal se mantuvo vigente el lema \u201cabrazos, no balazos\u201d, lo que los gobernantes lo adoptaron como una especie de inacci\u00f3n en contra de los delincuentes.<\/p>\n\n\n\n<p>Sin embargo, el incremento de los il\u00edcitos, especialmente los asesinatos, provoc\u00f3 el cambio de estrategia que, de manera lenta, arroja resultados en algunas entidades en las que ya arraigada la delincuencia ha sido dif\u00edcil desterrarla.<\/p>\n\n\n\n<p>La captura de algunos elementos que son cabeza de peque\u00f1os grupos es uno de los avances en esta dif\u00edcil lucha contra los grupos que se encuentran mejor pertrechados y con mayor conocimiento de las zonas en que operan.<\/p>\n\n\n\n<p>Veremos si la calificaci\u00f3n de grupos \u201cterroristas\u201d como quieren ser identificados estos grupos delincuenciales significa un acicate para las autoridades que dise\u00f1an una mejor estrategia para combatirlos y evitar que Estados Unidos aplique ese t\u00e9rmino que les permite extralimitarse.<\/p>\n\n\n\n<p><a href=\"mailto:ramonzurita44@hotmail.com\" target=\"_blank\" rel=\"noreferrer noopener\">ramonzurita44@hotmail.com<\/a><\/p>\n\n\n\n<p><a href=\"mailto:ramonzurita44@gmail.co\" target=\"_blank\" rel=\"noreferrer noopener\">ramonzurita44@gmail.co<\/a><\/p>\n","protected":false},"excerpt":{"rendered":"<p>De frente y de perfil Ram\u00f3n Zurita Sahag\u00fan El mensaje de Donald Trump fue directo. Actuar en contra de los c\u00e1rteles mexicanos, consider\u00e1ndolos como \u201cterroristas\u201d. La ratificaci\u00f3n de ello puso en alerta al gobierno mexicano, el que deber\u00e1 enmendar la estrategia en contra de la delincuencia organizada, misma que marcha de alguna forma mejor que [&hellip;]<\/p>\n","protected":false},"author":1,"featured_media":128509,"comment_status":"open","ping_status":"open","sticky":false,"template":"","format":"standard","meta":{"footnotes":""},"categories":[12,5],"tags":[],"_links":{"self":[{"href":"https:\/\/diariodigitalmx.com\/index.php\/wp-json\/wp\/v2\/posts\/129947"}],"collection":[{"href":"https:\/\/diariodigitalmx.com\/index.php\/wp-json\/wp\/v2\/posts"}],"about":[{"href":"https:\/\/diariodigitalmx.com\/index.php\/wp-json\/wp\/v2\/types\/post"}],"author":[{"embeddable":true,"href":"https:\/\/diariodigitalmx.com\/index.php\/wp-json\/wp\/v2\/users\/1"}],"replies":[{"embeddable":true,"href":"https:\/\/diariodigitalmx.com\/index.php\/wp-json\/wp\/v2\/comments?post=129947"}],"version-history":[{"count":1,"href":"https:\/\/diariodigitalmx.com\/index.php\/wp-json\/wp\/v2\/posts\/129947\/revisions"}],"predecessor-version":[{"id":129948,"href":"https:\/\/diariodigitalmx.com\/index.php\/wp-json\/wp\/v2\/posts\/129947\/revisions\/129948"}],"wp:featuredmedia":[{"embeddable":true,"href":"https:\/\/diariodigitalmx.com\/index.php\/wp-json\/wp\/v2\/media\/128509"}],"wp:attachment":[{"href":"https:\/\/diariodigitalmx.com\/index.php\/wp-json\/wp\/v2\/media?parent=129947"}],"wp:term":[{"taxonomy":"category","embeddable":true,"href":"https:\/\/diariodigitalmx.com\/index.php\/wp-json\/wp\/v2\/categories?post=129947"},{"taxonomy":"post_tag","embeddable":true,"href":"https:\/\/diariodigitalmx.com\/index.php\/wp-json\/wp\/v2\/tags?post=129947"}],"curies":[{"name":"wp","href":"https:\/\/api.w.org\/{rel}","templated":true}]}}