{"id":129976,"date":"2025-01-22T21:11:34","date_gmt":"2025-01-23T03:11:34","guid":{"rendered":"https:\/\/diariodigitalmx.com\/?p=129976"},"modified":"2025-01-22T21:21:02","modified_gmt":"2025-01-23T03:21:02","slug":"jovenes-desaparecidos-en-nl","status":"publish","type":"post","link":"https:\/\/diariodigitalmx.com\/index.php\/2025\/01\/22\/jovenes-desaparecidos-en-nl\/","title":{"rendered":"J\u00f3venes desaparecidos en NL"},"content":{"rendered":"\n<figure class=\"wp-block-image size-full\"><img loading=\"lazy\" decoding=\"async\" width=\"261\" height=\"193\" src=\"https:\/\/diariodigitalmx.com\/wp-content\/uploads\/2025\/01\/images-1-2.jpeg\" alt=\"\" class=\"wp-image-129984\"\/><\/figure>\n\n\n\n<p>Monterrey.&nbsp; &#8211; Valeria Alejandra Espinoza Mu\u00f1oz, una joven de 15 a\u00f1os de edad fue vista la \u00faltima vez el pasado 19 de enero en el municipio conurbado de Escobedo, hoy est\u00e1 desaparecida y su familia ha solicitado la ayuda para encontrarla.<\/p>\n\n\n\n<p>De acuerdo a un video difundido por la p\u00e1gina de Facebook lo que sucede en Escobedo, se observa por segundos cuando la jovencita camina por una calle en la&nbsp;colonia Felipe Carrillo Puerto,&nbsp;de esa localidad al norte metropolitano.<\/p>\n\n\n\n<p>En el video se observa a Valeria Alejandra&nbsp;que camina durante la madrugada, y, al parecer, lleva algunas mochilas, una por delante, otra por detr\u00e1s y a los lados, en tanto avanza, seg\u00fan el video captado por una c\u00e1mara de seguridad.<\/p>\n\n\n\n<p>El reporte de la Agencia Estatal de Investigaciones describe a la jovencita de tez blanca, 1.62 metros de estatura, complexi\u00f3n delgada, y el cabello pelirrojo y lacio.<\/p>\n\n\n\n<p>Como&nbsp;se\u00f1as particulares destaca una cicatriz en la frente de lado derecho y varios aretes en la oreja izquierda.<\/p>\n\n\n\n<p>El d\u00eda que fue vista por \u00faltima ocasi\u00f3n vest\u00eda pants oscuro, su\u00e9ter gris y tenis blancos.<\/p>\n\n\n\n<p>La familia tiene confianza en que sea localizada ya que las im\u00e1genes distribuidas tienen miles de vistas, en tanto se ha difundido el n\u00famero telef\u00f3nico 81 20 20 44 11 para recibir informaci\u00f3n que permita dar con el paradero de Valeria Alejandra.<\/p>\n\n\n\n<p>JOVEN DESAPARECIDO EN GARC\u00cdA<\/p>\n\n\n\n<p>Las autoridades contin\u00faan con la b\u00fasqueda del joven&nbsp;<strong>Luis Felipe Mart\u00ednez Escobedo<\/strong>, de 17 a\u00f1os, quien desapareci\u00f3 el pasado 20 de diciembre en la colonia Arboledas, en el municipio de Garc\u00eda, al poniente de la zona conurbada.<\/p>\n\n\n\n<p>El estudiante de quinto semestre de preparatoria, fue visto por \u00faltima vez afuera de su domicilio en la<strong>&nbsp;colonia Las Arboledas<\/strong>, y seg\u00fan su mam\u00e1, sali\u00f3 acompa\u00f1ado de un amigo a ver una motocicleta, bajo la promesa de regresar a casa en 15 minutos, sin embargo, ya no regres\u00f3 y ello motiv\u00f3 la denuncia ante la autoridad.<\/p>\n\n\n\n<p>El d\u00eda de su desaparici\u00f3n vest\u00eda un pantal\u00f3n de&nbsp;<strong>mezclilla<\/strong>, sudadera gris y sandalias azul con rojo, y tiene como se\u00f1as particulares cabello negro ondulado, piel morena clara y ojos caf\u00e9 oscuro.<\/p>\n\n\n\n<p>Es de complexi\u00f3n delgada, mide 1.70 metros y tiene una cicatriz de un cent\u00edmetro en la barbilla, un lunar en el lado derecho de esta misma \u00e1rea, manchas de acn\u00e9 en ambos p\u00f3mulos, perforaciones en ambas orejas y dermatitis en el cuello del lado izquierdo.<\/p>\n\n\n\n<p>Hace d\u00edas, familiares y amistades del joven bloquearon una avenida de esa municipalidad, pues, afirman, no tienen respuesta alguna de las autoridades.<\/p>\n\n\n\n<p>De acuerdo a las estad\u00edsticas de organizaciones civiles como Fuerzas Unidas por Nuestros Desaparecidos (FUNDENL) en poco m\u00e1s de una d\u00e9cada, en Nuevo Le\u00f3n han desaparecido m\u00e1s de 6 mil personas, en tanto las carreteras fuera del \u00e1rea metropolitana se han convertido en zona de riesgo ante las desapariciones de cientos de personas, principalmente en la que van de Monterrey a Reynosa y Monterrey- Nuevo Laredo, \u00e9sta \u00faltima, donde unas 100 personas desaparecieron en los \u00faltimos tres a\u00f1os.<\/p>\n","protected":false},"excerpt":{"rendered":"<p>Monterrey.&nbsp; &#8211; Valeria Alejandra Espinoza Mu\u00f1oz, una joven de 15 a\u00f1os de edad fue vista la \u00faltima vez el pasado 19 de enero en el municipio conurbado de Escobedo, hoy est\u00e1 desaparecida y su familia ha solicitado la ayuda para encontrarla. De acuerdo a un video difundido por la p\u00e1gina de Facebook lo que sucede [&hellip;]<\/p>\n","protected":false},"author":1,"featured_media":129982,"comment_status":"open","ping_status":"open","sticky":false,"template":"","format":"standard","meta":{"footnotes":""},"categories":[14,7],"tags":[],"_links":{"self":[{"href":"https:\/\/diariodigitalmx.com\/index.php\/wp-json\/wp\/v2\/posts\/129976"}],"collection":[{"href":"https:\/\/diariodigitalmx.com\/index.php\/wp-json\/wp\/v2\/posts"}],"about":[{"href":"https:\/\/diariodigitalmx.com\/index.php\/wp-json\/wp\/v2\/types\/post"}],"author":[{"embeddable":true,"href":"https:\/\/diariodigitalmx.com\/index.php\/wp-json\/wp\/v2\/users\/1"}],"replies":[{"embeddable":true,"href":"https:\/\/diariodigitalmx.com\/index.php\/wp-json\/wp\/v2\/comments?post=129976"}],"version-history":[{"count":2,"href":"https:\/\/diariodigitalmx.com\/index.php\/wp-json\/wp\/v2\/posts\/129976\/revisions"}],"predecessor-version":[{"id":129985,"href":"https:\/\/diariodigitalmx.com\/index.php\/wp-json\/wp\/v2\/posts\/129976\/revisions\/129985"}],"wp:featuredmedia":[{"embeddable":true,"href":"https:\/\/diariodigitalmx.com\/index.php\/wp-json\/wp\/v2\/media\/129982"}],"wp:attachment":[{"href":"https:\/\/diariodigitalmx.com\/index.php\/wp-json\/wp\/v2\/media?parent=129976"}],"wp:term":[{"taxonomy":"category","embeddable":true,"href":"https:\/\/diariodigitalmx.com\/index.php\/wp-json\/wp\/v2\/categories?post=129976"},{"taxonomy":"post_tag","embeddable":true,"href":"https:\/\/diariodigitalmx.com\/index.php\/wp-json\/wp\/v2\/tags?post=129976"}],"curies":[{"name":"wp","href":"https:\/\/api.w.org\/{rel}","templated":true}]}}