{"id":130004,"date":"2025-01-22T22:11:21","date_gmt":"2025-01-23T04:11:21","guid":{"rendered":"https:\/\/diariodigitalmx.com\/?p=130004"},"modified":"2025-01-22T22:23:52","modified_gmt":"2025-01-23T04:23:52","slug":"avanzan-acciones-para-tipificar-el-delito-acecho","status":"publish","type":"post","link":"https:\/\/diariodigitalmx.com\/index.php\/2025\/01\/22\/avanzan-acciones-para-tipificar-el-delito-acecho\/","title":{"rendered":"Avanzan acciones para tipificar el delito acecho"},"content":{"rendered":"\n<p>Con la participaci\u00f3n de activistas y expertos, la Comisi\u00f3n de Justicia y Seguridad P\u00fablica del Congreso de Nuevo Le\u00f3n, realiz\u00f3 una mesa de trabajo para establecer en el C\u00f3digo Penal del Estado el delito en materia de acecho.<\/p>\n\n\n\n<p>La reforma analizada fue sobre una iniciativa presentada el 13 de marzo por la activista Valeria Mac\u00edas Villarreal y la Diputada de Movimiento Ciudadano, Sandra P\u00e1manes.<\/p>\n\n\n\n<p>Mac\u00edas, quien vivi\u00f3 durante seis a\u00f1os el acecho de un alumno, comparti\u00f3 la frustraci\u00f3n que viven las personas al ser v\u00edctimas de esta conducta.<\/p>\n\n\n\n<p>\u201cOjal\u00e1 que este delito marque un antes y un despu\u00e9s porque a m\u00ed me cambi\u00f3 la vida\u201d, manifest\u00f3.<\/p>\n\n\n\n<p>\u201c\u00bfQu\u00e9 buscamos?, no buscamos tanto un delito punitivista sino buscamos reeducar a la sociedad, que entiendan que no es no, que si hay consecuencias, porque hoy por hoy el cinismo es mucho de decir \u2018pues yo puedo hacer lo que yo quiera y no puedes hacer nada contra m\u00ed\u2019, vamos cambiando ese chip\u201d.<\/p>\n\n\n\n<p>Sandra P\u00e1manes, explic\u00f3 que en la reforma se propone una sanci\u00f3n de 3 meses a 2 a\u00f1os a la persona que cometa el delito de acecho.<\/p>\n\n\n\n<p>&#8220;El antecedente de un feminicidio en muchos casos viene a ser el acecho\u201d, expres\u00f3, \u201ces importante establecerlo as\u00ed, se establecen 17 categor\u00edas de esta agravante, bien especificadas, porque tambi\u00e9n es cierto que puede haber esta confusi\u00f3n de lo que s\u00ed es y que no es acecho.<\/p>\n\n\n\n<figure class=\"wp-block-image size-large\"><img loading=\"lazy\" decoding=\"async\" width=\"1024\" height=\"683\" src=\"https:\/\/diariodigitalmx.com\/wp-content\/uploads\/2025\/01\/IMG-20250121-WA0191-1024x683.jpg\" alt=\"\" class=\"wp-image-130015\" srcset=\"https:\/\/diariodigitalmx.com\/wp-content\/uploads\/2025\/01\/IMG-20250121-WA0191-1024x683.jpg 1024w, https:\/\/diariodigitalmx.com\/wp-content\/uploads\/2025\/01\/IMG-20250121-WA0191-300x200.jpg 300w, https:\/\/diariodigitalmx.com\/wp-content\/uploads\/2025\/01\/IMG-20250121-WA0191-768x512.jpg 768w, https:\/\/diariodigitalmx.com\/wp-content\/uploads\/2025\/01\/IMG-20250121-WA0191.jpg 1040w\" sizes=\"(max-width: 1024px) 100vw, 1024px\" \/><\/figure>\n\n\n\n<p>\u201cCreo que hay muchas otras personas que lamentablemente lo padecen (el acecho) y que nosotros como cuerpo legislativo tenemos la responsabilidad de establecerlo ya dentro del marco legal&#8221;.<\/p>\n\n\n\n<p>La legisladora emecista agreg\u00f3 que en el estado de Guanajuato y en Coahuila ya hubo se dieron sentencias a personas que acechaban.<\/p>\n\n\n\n<p>&#8220;En el estado de Guanajuato ya se dict\u00f3 una primera sentencia por acecho\u201d, detall\u00f3, \u201cen el estado de Coahuila tambi\u00e9n y esto es muy satisfactorio porque sabemos que si hay una consecuencia y como tal, esta reforma puede traer, primero la tipificaci\u00f3n del delito y como segundo acto es que s\u00ed es aplicable&#8221;.<\/p>\n\n\n\n<p>En la mesa de trabajo participaron representantes del Ministerio de Justicia de Canad\u00e1; de la Fiscal\u00eda General de Justicia del Estado; la Secretar\u00eda de las Mujeres y del Instituto Estatal de las Mujeres.<\/p>\n","protected":false},"excerpt":{"rendered":"<p>Con la participaci\u00f3n de activistas y expertos, la Comisi\u00f3n de Justicia y Seguridad P\u00fablica del Congreso de Nuevo Le\u00f3n, realiz\u00f3 una mesa de trabajo para establecer en el C\u00f3digo Penal del Estado el delito en materia de acecho. La reforma analizada fue sobre una iniciativa presentada el 13 de marzo por la activista Valeria Mac\u00edas [&hellip;]<\/p>\n","protected":false},"author":1,"featured_media":130012,"comment_status":"open","ping_status":"open","sticky":false,"template":"","format":"standard","meta":{"footnotes":""},"categories":[14,6],"tags":[],"_links":{"self":[{"href":"https:\/\/diariodigitalmx.com\/index.php\/wp-json\/wp\/v2\/posts\/130004"}],"collection":[{"href":"https:\/\/diariodigitalmx.com\/index.php\/wp-json\/wp\/v2\/posts"}],"about":[{"href":"https:\/\/diariodigitalmx.com\/index.php\/wp-json\/wp\/v2\/types\/post"}],"author":[{"embeddable":true,"href":"https:\/\/diariodigitalmx.com\/index.php\/wp-json\/wp\/v2\/users\/1"}],"replies":[{"embeddable":true,"href":"https:\/\/diariodigitalmx.com\/index.php\/wp-json\/wp\/v2\/comments?post=130004"}],"version-history":[{"count":2,"href":"https:\/\/diariodigitalmx.com\/index.php\/wp-json\/wp\/v2\/posts\/130004\/revisions"}],"predecessor-version":[{"id":130016,"href":"https:\/\/diariodigitalmx.com\/index.php\/wp-json\/wp\/v2\/posts\/130004\/revisions\/130016"}],"wp:featuredmedia":[{"embeddable":true,"href":"https:\/\/diariodigitalmx.com\/index.php\/wp-json\/wp\/v2\/media\/130012"}],"wp:attachment":[{"href":"https:\/\/diariodigitalmx.com\/index.php\/wp-json\/wp\/v2\/media?parent=130004"}],"wp:term":[{"taxonomy":"category","embeddable":true,"href":"https:\/\/diariodigitalmx.com\/index.php\/wp-json\/wp\/v2\/categories?post=130004"},{"taxonomy":"post_tag","embeddable":true,"href":"https:\/\/diariodigitalmx.com\/index.php\/wp-json\/wp\/v2\/tags?post=130004"}],"curies":[{"name":"wp","href":"https:\/\/api.w.org\/{rel}","templated":true}]}}