{"id":130026,"date":"2025-01-23T08:40:55","date_gmt":"2025-01-23T14:40:55","guid":{"rendered":"https:\/\/diariodigitalmx.com\/?p=130026"},"modified":"2025-01-23T08:42:18","modified_gmt":"2025-01-23T14:42:18","slug":"normalizar-lo-malo","status":"publish","type":"post","link":"https:\/\/diariodigitalmx.com\/index.php\/2025\/01\/23\/normalizar-lo-malo\/","title":{"rendered":"Normalizar lo malo"},"content":{"rendered":"\n<p>Ra\u00fal Guajardo Cant\u00fa&nbsp;<\/p>\n\n\n\n<p>Las bajas temperaturas que vivimos estos d\u00edas sacan a relucir problemas que vivimos cotidianamente y de los cuales parece que ya no somos conscientes porque los hemos normalizado o al menos as\u00ed parece.<\/p>\n\n\n\n<p>El transporte no est\u00e1 a la altura y la gente se congela mientras espera a que pase el cami\u00f3n que lo transporte ya sea a su trabajo o de regreso a su hogar, nos parece normal que haya quien deba esperar una o varias horas sufriendo las inclemencias de un clima que si bien no se presenta cotidianamente, cuando lo hace produce da\u00f1o y sufrimiento que no deber\u00eda causar.<\/p>\n\n\n\n<p>Recordemos que cuando asumi\u00f3 la gubernatura, Samuel Garc\u00eda asegur\u00f3 que pondr\u00eda en marcha una aplicaci\u00f3n mediante la cual las personas podr\u00edan saber en cu\u00e1nto tiempo pasar\u00eda su cami\u00f3n y si tendr\u00eda lugar para ellas ya que el reporte ser\u00eda completo.<\/p>\n\n\n\n<p>Efectivamente hoy existe una aplicaci\u00f3n, Urbani, que sirve para pagar el servicio del transporte p\u00fablico, pero que ofrece solo informaci\u00f3n parcial acerca de rutas y camiones, ya que la informaci\u00f3n hace referencia a las rutas que alimentan el Metro y no se\u00f1ala si los camiones tienen espacio para m\u00e1s personas o no.<\/p>\n\n\n\n<p>Adem\u00e1s, solo te da la informaci\u00f3n si est\u00e1s ya en alguno de los puntos de la ciudad por los cuales transita la ruta en cuesti\u00f3n, as\u00ed es que hay que ir a la buena de Dios y rogar para que el cami\u00f3n pase y traiga lugares suficientes, si no, a esperar en estas condiciones, insistimos con las enfermedades y riesgo de accidentes que ello pueda implicar.<\/p>\n\n\n\n<p>Pero si los usuarios del transporte urbano no la pasan bien, qu\u00e9 decir de los automovilistas que deben conducir por calles mal pavimentadas, con baches por todos lados, a\u00fan en avenidas de alta velocidad con los problemas que esto acarrea y con una carpeta asf\u00e1ltica resbaladiza que, con las bajas temperaturas se ponen peor.<\/p>\n\n\n\n<p>Quiz\u00e1 es tiempo de que Samuel asuma el liderazgo que deber\u00eda tener y tome la responsabilidad que le corresponde para satisfacer las necesidades de un estado como el nuestro cuya poblaci\u00f3n se concentra en el \u00e1rea metropolitana de Monterrey y no en alguna aplicaci\u00f3n de moda.<\/p>\n\n\n\n<p>Y si quienes tienen un trabajo y acuden a \u00e9l utilizando el transporte p\u00fablico o su veh\u00edculo particular se enfrentan a una problem\u00e1tica, qu\u00e9 podemos decir de aquellos que por una u otra raz\u00f3n se encuentran en condici\u00f3n de calle o habitan en viviendas paup\u00e9rrimas y pasan por situaciones que se pueden calificar de infrahumanas, pero solo nos damos cuenta de esto en momentos en que las condiciones clim\u00e1ticas los hacen visibles, porque el resto del tiempo nos parece normal.<\/p>\n\n\n\n<p>Quiz\u00e1 esta onda g\u00e9lida sea una oportunidad para dejar de normalizar aquello que no lo es, Nuevo Le\u00f3n es un estado de vanguardia, progresista, rico, pero tiene algunas zonas en las cuales la pobreza extrema se agudiza y poco o nada se hace para evitarlo y \u00e1reas de oportunidad que debe mejorar. Veremos si sucede.<\/p>\n","protected":false},"excerpt":{"rendered":"<p>Ra\u00fal Guajardo Cant\u00fa&nbsp; Las bajas temperaturas que vivimos estos d\u00edas sacan a relucir problemas que vivimos cotidianamente y de los cuales parece que ya no somos conscientes porque los hemos normalizado o al menos as\u00ed parece. El transporte no est\u00e1 a la altura y la gente se congela mientras espera a que pase el cami\u00f3n [&hellip;]<\/p>\n","protected":false},"author":1,"featured_media":128943,"comment_status":"open","ping_status":"open","sticky":false,"template":"","format":"standard","meta":{"footnotes":""},"categories":[14,12],"tags":[],"_links":{"self":[{"href":"https:\/\/diariodigitalmx.com\/index.php\/wp-json\/wp\/v2\/posts\/130026"}],"collection":[{"href":"https:\/\/diariodigitalmx.com\/index.php\/wp-json\/wp\/v2\/posts"}],"about":[{"href":"https:\/\/diariodigitalmx.com\/index.php\/wp-json\/wp\/v2\/types\/post"}],"author":[{"embeddable":true,"href":"https:\/\/diariodigitalmx.com\/index.php\/wp-json\/wp\/v2\/users\/1"}],"replies":[{"embeddable":true,"href":"https:\/\/diariodigitalmx.com\/index.php\/wp-json\/wp\/v2\/comments?post=130026"}],"version-history":[{"count":1,"href":"https:\/\/diariodigitalmx.com\/index.php\/wp-json\/wp\/v2\/posts\/130026\/revisions"}],"predecessor-version":[{"id":130027,"href":"https:\/\/diariodigitalmx.com\/index.php\/wp-json\/wp\/v2\/posts\/130026\/revisions\/130027"}],"wp:featuredmedia":[{"embeddable":true,"href":"https:\/\/diariodigitalmx.com\/index.php\/wp-json\/wp\/v2\/media\/128943"}],"wp:attachment":[{"href":"https:\/\/diariodigitalmx.com\/index.php\/wp-json\/wp\/v2\/media?parent=130026"}],"wp:term":[{"taxonomy":"category","embeddable":true,"href":"https:\/\/diariodigitalmx.com\/index.php\/wp-json\/wp\/v2\/categories?post=130026"},{"taxonomy":"post_tag","embeddable":true,"href":"https:\/\/diariodigitalmx.com\/index.php\/wp-json\/wp\/v2\/tags?post=130026"}],"curies":[{"name":"wp","href":"https:\/\/api.w.org\/{rel}","templated":true}]}}