{"id":130302,"date":"2025-01-28T08:54:54","date_gmt":"2025-01-28T14:54:54","guid":{"rendered":"https:\/\/diariodigitalmx.com\/?p=130302"},"modified":"2025-01-28T09:06:43","modified_gmt":"2025-01-28T15:06:43","slug":"ricardo-salinas-el-fenomeno-de-las-redes","status":"publish","type":"post","link":"https:\/\/diariodigitalmx.com\/index.php\/2025\/01\/28\/ricardo-salinas-el-fenomeno-de-las-redes\/","title":{"rendered":"Ricardo Salinas, el fen\u00f3meno de las redes"},"content":{"rendered":"\n<p>De frente y de perfil<\/p>\n\n\n\n<p>Ram\u00f3n Zurita Sahag\u00fan<\/p>\n\n\n\n<p>Cada vez que Ricardo Salinas Pliego sube un comentario a las redes sociales, estas se sacuden por la pol\u00e9mica que desatan sus diatribas.<\/p>\n\n\n\n<p>Es un fen\u00f3meno en las v\u00edas de comunicaci\u00f3n existentes en este nuevo siglo. Sea en favor o en contra de sus apreciaciones y dichos.<\/p>\n\n\n\n<p>Conocido como el \u201cT\u00edo Richie\u201d, el empresario es seguido en las varias redes sociales en las que participa por j\u00f3venes y adultos que critican o comparten sus decires.<\/p>\n\n\n\n<p>Due\u00f1o de una cadena de tiendas, de un banco, de una televisora y de otros negocios como minas, Salinas Pliego compite con los principales influencer del pa\u00eds y los supera en visitas y likes, la nueva t\u00f3nica para medir popularidad.<\/p>\n\n\n\n<p>El empresario no tiene tema descartado. Lo mismo aborda situaciones de econom\u00eda, pol\u00edtica, que otros m\u00e1s mundanos y lo hace proyectando cierto carisma, siendo punzante y cr\u00edtico, entrando en controversia con quienes lo retan.<\/p>\n\n\n\n<p>Su estilo burl\u00f3n le acarrea algunos contratiempos, aunque regularmente sale avante de las discusiones que provoca.<\/p>\n\n\n\n<p>El due\u00f1o de TV Azteca llam\u00f3 poderosamente la atenci\u00f3n cuando una de sus empresas (Banco Azteca) fue de las principales aportantes de la cena de gala realizada con hispanos dos d\u00edas antes de la toma de posesi\u00f3n de Donald Trump, a la que acudi\u00f3 con la representaci\u00f3n presidencial Donal Trump Jr.<\/p>\n\n\n\n<p>Ese simple acto puso a Salinas Pliego dentro del grupo de mexicanos con relaciones directas con el equipo del Presidente de Estados Unidos.<\/p>\n\n\n\n<p>Por eso algunos ya comienzan a ver al empresario como un activo pol\u00edtico importante, a pesar de las diferencias que mantiene con el gobierno federal por el cobro de una deuda fiscal cuyo monto no reconoce el empresario.<\/p>\n\n\n\n<p>Adelantando v\u00edsperas hay quienes quieren animarlo para que su participaci\u00f3n en pol\u00edtica sea m\u00e1s activa y llegan, incluso, a rumorear con una posible candidatura presidencial en el lejano 2030.<\/p>\n\n\n\n<p>Hay quienes lo mencionan en las redes sociales con tal posibilidad, aunque \u00e9l lo niega con cierta contundencia.<\/p>\n\n\n\n<p>&nbsp;Y es que la ecuaci\u00f3n que hacen es muy simple. Dicen que como es un empresario pr\u00f3spero no llegar\u00eda al gobierno en busca de dinero. Su ambici\u00f3n de poder, afirman, no es tan grande, aunque no se puede medir la que tiene ahora con la que da el poder presidencial. Su constante enfrentamiento con el gobierno muestra car\u00e1cter y su creciente popularidad le dar\u00eda los votos necesarios para ganar, ya que, dicen, no tendr\u00eda que hacer compromiso con los partidos pol\u00edticos, pues su solvencia econ\u00f3mica la podr\u00eda aprovechar para financiar una candidatura independiente.<\/p>\n\n\n\n<p>Salina Pliego que es jocoso en la mayor parte de sus comentarios, aunque en otra muestra su tono agridulce, podr\u00eda dejarse convencer por quienes opinan sobre esa posibilidad.<\/p>\n\n\n\n<p>Y es que las culturas de las redes sociales han intentado \u201ccautivar\u201d a otros empresarios en el pasado como Carlos Slim Hel\u00fa y su yerno Arturo El\u00edas Ayub para que le entren a la competencia pol\u00edtica e incluso se conviertan en candidatos presidenciales.<\/p>\n\n\n\n<p>En el caso de Ricardo Salinas Pliego cabe dejar en al aire la respuesta pues es una historia que todav\u00eda est\u00e1 por contarse y hay suficiente tiempo para ello.<\/p>\n\n\n\n<p>&nbsp; &nbsp; &nbsp; &nbsp; &nbsp; &nbsp; &nbsp; &nbsp; &nbsp; &nbsp; &nbsp; &nbsp; &nbsp; &nbsp; &nbsp; &nbsp; &nbsp; &nbsp; &nbsp; &nbsp; &nbsp; &nbsp; &nbsp; &nbsp; &nbsp; &nbsp; &nbsp; &nbsp; &nbsp; &nbsp; &nbsp; &nbsp; &nbsp; &nbsp; &nbsp; &nbsp; &nbsp; &nbsp; &nbsp; &nbsp;\u2026\u2026\u2026\u2026\u2026\u2026\u2026\u2026.<\/p>\n\n\n\n<p>Faltan unos cuantos d\u00edas para el cierre de registros de quienes aspiran a crear un nuevo partido pol\u00edtico que compita en los comicios de 2027 y el n\u00famero de pretendientes supera las tres decenas\u2026Finalmente qued\u00f3 concluido el proceso para la elecci\u00f3n de la nueva dirigencia priista en el Estado de M\u00e9xico, quedando la presidencia del partido en manos de la senadora Cristina Ruiz y Brenda Alvarado como secretar\u00eda general, primera vez que el binomio est\u00e1 compuesto por dos mujeres.<\/p>\n\n\n\n<p><a href=\"mailto:ramonzurita44@hotmail.com\" target=\"_blank\" rel=\"noreferrer noopener\">ramonzurita44@hotmail.com<\/a><\/p>\n\n\n\n<p><a href=\"mailto:ramonzurita44@gmail.com\" target=\"_blank\" rel=\"noreferrer noopener\">ramonzurita44@gmail.com<\/a><\/p>\n","protected":false},"excerpt":{"rendered":"<p>De frente y de perfil Ram\u00f3n Zurita Sahag\u00fan Cada vez que Ricardo Salinas Pliego sube un comentario a las redes sociales, estas se sacuden por la pol\u00e9mica que desatan sus diatribas. Es un fen\u00f3meno en las v\u00edas de comunicaci\u00f3n existentes en este nuevo siglo. Sea en favor o en contra de sus apreciaciones y dichos. [&hellip;]<\/p>\n","protected":false},"author":1,"featured_media":130307,"comment_status":"open","ping_status":"open","sticky":true,"template":"","format":"standard","meta":{"footnotes":""},"categories":[12,5],"tags":[],"_links":{"self":[{"href":"https:\/\/diariodigitalmx.com\/index.php\/wp-json\/wp\/v2\/posts\/130302"}],"collection":[{"href":"https:\/\/diariodigitalmx.com\/index.php\/wp-json\/wp\/v2\/posts"}],"about":[{"href":"https:\/\/diariodigitalmx.com\/index.php\/wp-json\/wp\/v2\/types\/post"}],"author":[{"embeddable":true,"href":"https:\/\/diariodigitalmx.com\/index.php\/wp-json\/wp\/v2\/users\/1"}],"replies":[{"embeddable":true,"href":"https:\/\/diariodigitalmx.com\/index.php\/wp-json\/wp\/v2\/comments?post=130302"}],"version-history":[{"count":1,"href":"https:\/\/diariodigitalmx.com\/index.php\/wp-json\/wp\/v2\/posts\/130302\/revisions"}],"predecessor-version":[{"id":130303,"href":"https:\/\/diariodigitalmx.com\/index.php\/wp-json\/wp\/v2\/posts\/130302\/revisions\/130303"}],"wp:featuredmedia":[{"embeddable":true,"href":"https:\/\/diariodigitalmx.com\/index.php\/wp-json\/wp\/v2\/media\/130307"}],"wp:attachment":[{"href":"https:\/\/diariodigitalmx.com\/index.php\/wp-json\/wp\/v2\/media?parent=130302"}],"wp:term":[{"taxonomy":"category","embeddable":true,"href":"https:\/\/diariodigitalmx.com\/index.php\/wp-json\/wp\/v2\/categories?post=130302"},{"taxonomy":"post_tag","embeddable":true,"href":"https:\/\/diariodigitalmx.com\/index.php\/wp-json\/wp\/v2\/tags?post=130302"}],"curies":[{"name":"wp","href":"https:\/\/api.w.org\/{rel}","templated":true}]}}