{"id":130316,"date":"2025-01-28T22:16:02","date_gmt":"2025-01-29T04:16:02","guid":{"rendered":"https:\/\/diariodigitalmx.com\/?p=130316"},"modified":"2025-01-28T22:25:07","modified_gmt":"2025-01-29T04:25:07","slug":"solicita-mario-soto-puntos-de-expedicion-y-recarga-de-tarjetas-y-mas-rutas-para-garcia","status":"publish","type":"post","link":"https:\/\/diariodigitalmx.com\/index.php\/2025\/01\/28\/solicita-mario-soto-puntos-de-expedicion-y-recarga-de-tarjetas-y-mas-rutas-para-garcia\/","title":{"rendered":"Solicita Mario Soto puntos de expedici\u00f3n y recarga de tarjetas y m\u00e1s rutas para Garc\u00eda"},"content":{"rendered":"\n<p>El coordinador de la bancada de Morena en Nuevo Le\u00f3n, Mario Soto, hizo un exhorto en el Pleno para que la Secretar\u00eda de Movilidad y Planeaci\u00f3n Urbana y el Instituto de Movilidad y Planeaci\u00f3n instalen puntos de expedici\u00f3n de tarjetas y de recargas de transporte p\u00fablico en el municipio de Garc\u00eda.&nbsp;<\/p>\n\n\n\n<p>Al presentar el acuerdo en la Sesi\u00f3n Ordinaria de la Diputaci\u00f3n Permanente, Mario Soto, sostuvo que es urgente un nuevo plan de frecuencias de camiones del trasporte p\u00fablico, con la finalidad de atender las calles y avenidas donde no se presta el servicio.&nbsp;<\/p>\n\n\n\n<p>\u201cLas y los ciudadanos me expusieron que la falta de cobertura del trasporte p\u00fablico, deja pr\u00e1cticamente incomunicadas a la gran mayor\u00eda de las colonias, pues las y los<\/p>\n\n\n\n<p>habitantes, deben levantarse con m\u00e1s de cuatro horas para preparase y poder llegar a sus destinos, como lo pueden ser, sus trabajos, escuelas, a recibir atenci\u00f3n m\u00e9dica, a adquirir sus despensas\u201d, a\u00f1adi\u00f3.&nbsp;<\/p>\n\n\n\n<p>El diputado local reconoci\u00f3 que el Gobierno del Estado, ha estado atendiendo el tema, porque s\u00ed, es evidente el paso de algunas unidades nuevas, sin embargo, tambi\u00e9n se sigue&nbsp;observando que las rutas de transporte p\u00fablico no tienen una cobertura amplia con la que se pueda atender a m\u00e1s poblaci\u00f3n que lo necesita.<\/p>\n\n\n\n<p>\u201cEn tal virtud, es menester que se atienda el problema de las frecuencias de paso, para esto, se necesita una re estructuraci\u00f3n de los recorridos de las rutas que ya cuenten con el servicio, o la implementaci\u00f3n de m\u00e1s de estas para que puedan llegar a las colonias que no cuentan con transporte p\u00fablico\u201d, indic\u00f3.&nbsp;<\/p>\n","protected":false},"excerpt":{"rendered":"<p>El coordinador de la bancada de Morena en Nuevo Le\u00f3n, Mario Soto, hizo un exhorto en el Pleno para que la Secretar\u00eda de Movilidad y Planeaci\u00f3n Urbana y el Instituto de Movilidad y Planeaci\u00f3n instalen puntos de expedici\u00f3n de tarjetas y de recargas de transporte p\u00fablico en el municipio de Garc\u00eda.&nbsp; Al presentar el acuerdo [&hellip;]<\/p>\n","protected":false},"author":1,"featured_media":130323,"comment_status":"open","ping_status":"open","sticky":true,"template":"","format":"standard","meta":{"footnotes":""},"categories":[14,6],"tags":[],"_links":{"self":[{"href":"https:\/\/diariodigitalmx.com\/index.php\/wp-json\/wp\/v2\/posts\/130316"}],"collection":[{"href":"https:\/\/diariodigitalmx.com\/index.php\/wp-json\/wp\/v2\/posts"}],"about":[{"href":"https:\/\/diariodigitalmx.com\/index.php\/wp-json\/wp\/v2\/types\/post"}],"author":[{"embeddable":true,"href":"https:\/\/diariodigitalmx.com\/index.php\/wp-json\/wp\/v2\/users\/1"}],"replies":[{"embeddable":true,"href":"https:\/\/diariodigitalmx.com\/index.php\/wp-json\/wp\/v2\/comments?post=130316"}],"version-history":[{"count":1,"href":"https:\/\/diariodigitalmx.com\/index.php\/wp-json\/wp\/v2\/posts\/130316\/revisions"}],"predecessor-version":[{"id":130317,"href":"https:\/\/diariodigitalmx.com\/index.php\/wp-json\/wp\/v2\/posts\/130316\/revisions\/130317"}],"wp:featuredmedia":[{"embeddable":true,"href":"https:\/\/diariodigitalmx.com\/index.php\/wp-json\/wp\/v2\/media\/130323"}],"wp:attachment":[{"href":"https:\/\/diariodigitalmx.com\/index.php\/wp-json\/wp\/v2\/media?parent=130316"}],"wp:term":[{"taxonomy":"category","embeddable":true,"href":"https:\/\/diariodigitalmx.com\/index.php\/wp-json\/wp\/v2\/categories?post=130316"},{"taxonomy":"post_tag","embeddable":true,"href":"https:\/\/diariodigitalmx.com\/index.php\/wp-json\/wp\/v2\/tags?post=130316"}],"curies":[{"name":"wp","href":"https:\/\/api.w.org\/{rel}","templated":true}]}}