{"id":130550,"date":"2025-02-02T22:19:48","date_gmt":"2025-02-03T04:19:48","guid":{"rendered":"https:\/\/diariodigitalmx.com\/?p=130550"},"modified":"2025-02-02T22:37:22","modified_gmt":"2025-02-03T04:37:22","slug":"gozan-cientos-regia-tamaliza","status":"publish","type":"post","link":"https:\/\/diariodigitalmx.com\/index.php\/2025\/02\/02\/gozan-cientos-regia-tamaliza\/","title":{"rendered":"Gozan cientos Regia Tamaliza"},"content":{"rendered":"\n<p>Gran cantidad de regiomontanos disfrutaron este domingo de una tamaliza por el D\u00eda de la Candelaria, que organiz\u00f3 el Gobierno de Monterrey en conjunto con la Secretar\u00eda de Desarrollo Humano e Igualdad Sustantiva municipal, en medio de un ambiente de festejos con payasos y grupos musicales.<\/p>\n\n\n\n<figure class=\"wp-block-image size-large\"><img loading=\"lazy\" decoding=\"async\" width=\"1024\" height=\"683\" src=\"https:\/\/diariodigitalmx.com\/wp-content\/uploads\/2025\/02\/Regia-Tamaliza-1-1024x683.jpeg\" alt=\"\" class=\"wp-image-130556\" srcset=\"https:\/\/diariodigitalmx.com\/wp-content\/uploads\/2025\/02\/Regia-Tamaliza-1-1024x683.jpeg 1024w, https:\/\/diariodigitalmx.com\/wp-content\/uploads\/2025\/02\/Regia-Tamaliza-1-300x200.jpeg 300w, https:\/\/diariodigitalmx.com\/wp-content\/uploads\/2025\/02\/Regia-Tamaliza-1-768x512.jpeg 768w, https:\/\/diariodigitalmx.com\/wp-content\/uploads\/2025\/02\/Regia-Tamaliza-1.jpeg 1282w\" sizes=\"(max-width: 1024px) 100vw, 1024px\" \/><\/figure>\n\n\n\n<p>Las familias se reunieron en la Plaza Zaragoza en el evento denominado Regia Tamaliza, para convivir y celebrar de forma gratuita esta tradici\u00f3n cat\u00f3lica.<\/p>\n\n\n\n<figure class=\"wp-block-image size-large\"><img loading=\"lazy\" decoding=\"async\" width=\"1024\" height=\"682\" src=\"https:\/\/diariodigitalmx.com\/wp-content\/uploads\/2025\/02\/Regia-Tamliza-6-1024x682.jpeg\" alt=\"\" class=\"wp-image-130554\" srcset=\"https:\/\/diariodigitalmx.com\/wp-content\/uploads\/2025\/02\/Regia-Tamliza-6-1024x682.jpeg 1024w, https:\/\/diariodigitalmx.com\/wp-content\/uploads\/2025\/02\/Regia-Tamliza-6-300x200.jpeg 300w, https:\/\/diariodigitalmx.com\/wp-content\/uploads\/2025\/02\/Regia-Tamliza-6-768x512.jpeg 768w, https:\/\/diariodigitalmx.com\/wp-content\/uploads\/2025\/02\/Regia-Tamliza-6.jpeg 1283w\" sizes=\"(max-width: 1024px) 100vw, 1024px\" \/><\/figure>\n\n\n\n<p>\u201cHoy es el d\u00eda de la tamaliza regia que nuestro alcalde, Adri\u00e1n de la Garza, se comprometi\u00f3 el 6 de enero con toda la gente regia a ponerle los tamales porque a todos nos sali\u00f3 el monito. Y a nombre de nuestro alcalde y su esposa Gaby Oyervrvidez, pues que tengan un d\u00eda de la Candelaria fenomenal. Gracias por estar aqu\u00ed en el gobierno que resuelve. Gracias a toda la gente regia que se suma\u201d coment\u00f3 la Directora de Vinculaci\u00f3n Interinstitucional del municipio, Marla Trevi\u00f1o.<\/p>\n\n\n\n<figure class=\"wp-block-image size-large\"><img loading=\"lazy\" decoding=\"async\" width=\"1024\" height=\"683\" src=\"https:\/\/diariodigitalmx.com\/wp-content\/uploads\/2025\/02\/Regia-Tamaliza-3-1024x683.jpeg\" alt=\"\" class=\"wp-image-130557\" srcset=\"https:\/\/diariodigitalmx.com\/wp-content\/uploads\/2025\/02\/Regia-Tamaliza-3-1024x683.jpeg 1024w, https:\/\/diariodigitalmx.com\/wp-content\/uploads\/2025\/02\/Regia-Tamaliza-3-300x200.jpeg 300w, https:\/\/diariodigitalmx.com\/wp-content\/uploads\/2025\/02\/Regia-Tamaliza-3-768x512.jpeg 768w, https:\/\/diariodigitalmx.com\/wp-content\/uploads\/2025\/02\/Regia-Tamaliza-3.jpeg 1282w\" sizes=\"(max-width: 1024px) 100vw, 1024px\" \/><\/figure>\n\n\n\n<p>Durante horas se vieron familias enteras que recibieron el platillo mexicano que degustaron con deleite, mientras se divert\u00edan con los artistas en vivo.<\/p>\n\n\n\n<p>Se\u00f1oras, se\u00f1ores, ni\u00f1os y abuelitos bailaron al ritmo de la m\u00fasica que ameniz\u00f3 la tardeada dominical.<\/p>\n\n\n\n<figure class=\"wp-block-image size-large\"><img loading=\"lazy\" decoding=\"async\" width=\"1024\" height=\"683\" src=\"https:\/\/diariodigitalmx.com\/wp-content\/uploads\/2025\/02\/Regia-Tamaliza-4-1024x683.jpeg\" alt=\"\" class=\"wp-image-130555\" srcset=\"https:\/\/diariodigitalmx.com\/wp-content\/uploads\/2025\/02\/Regia-Tamaliza-4-1024x683.jpeg 1024w, https:\/\/diariodigitalmx.com\/wp-content\/uploads\/2025\/02\/Regia-Tamaliza-4-300x200.jpeg 300w, https:\/\/diariodigitalmx.com\/wp-content\/uploads\/2025\/02\/Regia-Tamaliza-4-768x512.jpeg 768w, https:\/\/diariodigitalmx.com\/wp-content\/uploads\/2025\/02\/Regia-Tamaliza-4.jpeg 1282w\" sizes=\"(max-width: 1024px) 100vw, 1024px\" \/><\/figure>\n\n\n\n<p>En el convivio se ofrecieron las presentaciones del animador Harry Challenge, Sonora Lezly La Parrandera, Payaso Chemo, Johana Lizeth, Reyes del Viol\u00edn, el cantante Emiliano R\u00edos, el Mago Alan Castellanos y \u00c1ngelo Roay, payaso Alex Rison \u201cRisitas\u201d, Sergio Briones, y Desafinados de la Cumbia.<\/p>\n\n\n\n<p>En este ambiente de celebraci\u00f3n el Gobierno de Monterrey convoc\u00f3 a la ciudadan\u00eda a participar en la tradici\u00f3n que forma parte de la identidad cultural nacional<\/p>\n","protected":false},"excerpt":{"rendered":"<p>Gran cantidad de regiomontanos disfrutaron este domingo de una tamaliza por el D\u00eda de la Candelaria, que organiz\u00f3 el Gobierno de Monterrey en conjunto con la Secretar\u00eda de Desarrollo Humano e Igualdad Sustantiva municipal, en medio de un ambiente de festejos con payasos y grupos musicales. Las familias se reunieron en la Plaza Zaragoza en [&hellip;]<\/p>\n","protected":false},"author":1,"featured_media":130552,"comment_status":"open","ping_status":"open","sticky":true,"template":"","format":"standard","meta":{"footnotes":""},"categories":[6,5],"tags":[],"_links":{"self":[{"href":"https:\/\/diariodigitalmx.com\/index.php\/wp-json\/wp\/v2\/posts\/130550"}],"collection":[{"href":"https:\/\/diariodigitalmx.com\/index.php\/wp-json\/wp\/v2\/posts"}],"about":[{"href":"https:\/\/diariodigitalmx.com\/index.php\/wp-json\/wp\/v2\/types\/post"}],"author":[{"embeddable":true,"href":"https:\/\/diariodigitalmx.com\/index.php\/wp-json\/wp\/v2\/users\/1"}],"replies":[{"embeddable":true,"href":"https:\/\/diariodigitalmx.com\/index.php\/wp-json\/wp\/v2\/comments?post=130550"}],"version-history":[{"count":2,"href":"https:\/\/diariodigitalmx.com\/index.php\/wp-json\/wp\/v2\/posts\/130550\/revisions"}],"predecessor-version":[{"id":130558,"href":"https:\/\/diariodigitalmx.com\/index.php\/wp-json\/wp\/v2\/posts\/130550\/revisions\/130558"}],"wp:featuredmedia":[{"embeddable":true,"href":"https:\/\/diariodigitalmx.com\/index.php\/wp-json\/wp\/v2\/media\/130552"}],"wp:attachment":[{"href":"https:\/\/diariodigitalmx.com\/index.php\/wp-json\/wp\/v2\/media?parent=130550"}],"wp:term":[{"taxonomy":"category","embeddable":true,"href":"https:\/\/diariodigitalmx.com\/index.php\/wp-json\/wp\/v2\/categories?post=130550"},{"taxonomy":"post_tag","embeddable":true,"href":"https:\/\/diariodigitalmx.com\/index.php\/wp-json\/wp\/v2\/tags?post=130550"}],"curies":[{"name":"wp","href":"https:\/\/api.w.org\/{rel}","templated":true}]}}