{"id":130670,"date":"2025-02-05T09:23:26","date_gmt":"2025-02-05T15:23:26","guid":{"rendered":"https:\/\/diariodigitalmx.com\/?p=130670"},"modified":"2025-02-05T09:32:44","modified_gmt":"2025-02-05T15:32:44","slug":"hablar-sin-hablar","status":"publish","type":"post","link":"https:\/\/diariodigitalmx.com\/index.php\/2025\/02\/05\/hablar-sin-hablar\/","title":{"rendered":"Hablar sin hablar"},"content":{"rendered":"\n<p>Gerson G\u00f3mez Salas<\/p>\n\n\n\n<p>Solo a los verdaderos constitucionalistas les resulta celebratorio. Nuestra carta magna, de 1917, no queda de ella nada. Tal vez solo el esp\u00edritu visionario e ingenuo.<\/p>\n\n\n\n<p>M\u00e9xico inundado en sangre. De la lucha revolucionaria. Con apenas el 2% de personas con la capacidad de leer y escribir. Pa\u00eds partido en dos. El norte demasiado alejado. En el sue\u00f1o bandolero de Doroteo Arango.<\/p>\n\n\n\n<p>Centro y Sur, agrarista. Tierra y Libertad de Emiliano Zapata.<\/p>\n\n\n\n<p>Ambos h\u00e9roes, adem\u00e1s de muchos de los generales, resultaron ejecutados por los mismos mensajeros de paz.<\/p>\n\n\n\n<p>No alcanzaron a ver serenado al pa\u00eds. Tampoco el globo terr\u00e1queo. Combinada la revoluci\u00f3n bolchevique en Rusia. El estertor de la primera gran guerra mundial.<\/p>\n\n\n\n<p>Nuestros brillantes y libertarios representantes trataron de hacer segundo a la carta magna de los franceses.<\/p>\n\n\n\n<p>M\u00e9xico rural y poco poblado en las zonas citadinas. Atrasada como colonia del porfirismo. Se vendi\u00f3 la mitad del territorio nacional a los Estados Unidos de Am\u00e9rica. Desde Antonio L\u00f3pez de Santana la vulnerabilidad.<\/p>\n\n\n\n<p>Llego la modernidad. La revoluci\u00f3n industrial. Motores de combusti\u00f3n interna. Cinemat\u00f3grafo. Daguerrotipos. Tel\u00e9grafo y tel\u00e9fono solo en las zonas urbanas. El tren llega a los confines del juglar.<\/p>\n\n\n\n<p>Los peri\u00f3dicos chismosean en favor de quienes pagan los anuncios disfrazados como informaci\u00f3n.<\/p>\n\n\n\n<p>Constituci\u00f3n promulgada el 5 de febrero de 1917. Recuerdo de buenas intenciones. Tan modificada. Monstruosamente a favor de los reg\u00edmenes sexenales. fantasmag\u00f3rica y sumisa. Bailarina de tiples y fichera. Nada la detiene. Maquillada para destornillarse de la risa.<\/p>\n","protected":false},"excerpt":{"rendered":"<p>Gerson G\u00f3mez Salas Solo a los verdaderos constitucionalistas les resulta celebratorio. Nuestra carta magna, de 1917, no queda de ella nada. Tal vez solo el esp\u00edritu visionario e ingenuo. M\u00e9xico inundado en sangre. De la lucha revolucionaria. Con apenas el 2% de personas con la capacidad de leer y escribir. Pa\u00eds partido en dos. El [&hellip;]<\/p>\n","protected":false},"author":1,"featured_media":130680,"comment_status":"open","ping_status":"open","sticky":true,"template":"","format":"standard","meta":{"footnotes":""},"categories":[14,12],"tags":[],"_links":{"self":[{"href":"https:\/\/diariodigitalmx.com\/index.php\/wp-json\/wp\/v2\/posts\/130670"}],"collection":[{"href":"https:\/\/diariodigitalmx.com\/index.php\/wp-json\/wp\/v2\/posts"}],"about":[{"href":"https:\/\/diariodigitalmx.com\/index.php\/wp-json\/wp\/v2\/types\/post"}],"author":[{"embeddable":true,"href":"https:\/\/diariodigitalmx.com\/index.php\/wp-json\/wp\/v2\/users\/1"}],"replies":[{"embeddable":true,"href":"https:\/\/diariodigitalmx.com\/index.php\/wp-json\/wp\/v2\/comments?post=130670"}],"version-history":[{"count":1,"href":"https:\/\/diariodigitalmx.com\/index.php\/wp-json\/wp\/v2\/posts\/130670\/revisions"}],"predecessor-version":[{"id":130671,"href":"https:\/\/diariodigitalmx.com\/index.php\/wp-json\/wp\/v2\/posts\/130670\/revisions\/130671"}],"wp:featuredmedia":[{"embeddable":true,"href":"https:\/\/diariodigitalmx.com\/index.php\/wp-json\/wp\/v2\/media\/130680"}],"wp:attachment":[{"href":"https:\/\/diariodigitalmx.com\/index.php\/wp-json\/wp\/v2\/media?parent=130670"}],"wp:term":[{"taxonomy":"category","embeddable":true,"href":"https:\/\/diariodigitalmx.com\/index.php\/wp-json\/wp\/v2\/categories?post=130670"},{"taxonomy":"post_tag","embeddable":true,"href":"https:\/\/diariodigitalmx.com\/index.php\/wp-json\/wp\/v2\/tags?post=130670"}],"curies":[{"name":"wp","href":"https:\/\/api.w.org\/{rel}","templated":true}]}}