{"id":130674,"date":"2025-02-05T09:26:47","date_gmt":"2025-02-05T15:26:47","guid":{"rendered":"https:\/\/diariodigitalmx.com\/?p=130674"},"modified":"2025-02-05T09:28:14","modified_gmt":"2025-02-05T15:28:14","slug":"biombos-y-castas-en-museo-de-historia-mexicana","status":"publish","type":"post","link":"https:\/\/diariodigitalmx.com\/index.php\/2025\/02\/05\/biombos-y-castas-en-museo-de-historia-mexicana\/","title":{"rendered":"&#8220;Biombos y Castas&#8221; en Museo de Historia Mexicana"},"content":{"rendered":"\n<p>Monterrey. &#8211; Museo de Historia Mexicana y Banco Nacional de M\u00e9xico, a trav\u00e9s de Fomento Cultural Banamex, A.C. invitan a la presentaci\u00f3n del cat\u00e1logo \u201cBiombos y Castas. Pintura profana en la Nueva Espa\u00f1a\u201d&nbsp;<a>a<\/a>&nbsp;cargo de C\u00e1ndida Fern\u00e1ndez y Andr\u00e9s Calder\u00f3n, el jueves 6 de febrero a las 19:30 horas en el auditorio del museo.<\/p>\n\n\n\n<p>La publicaci\u00f3n curada por Pedro \u00c1ngeles Jim\u00e9nez, con textos de Andr\u00e9s Calder\u00f3n y Fernando Ciaramitaro, se presenta en el contexto de la exposici\u00f3n \u201cBiombos y Castas. Pintura profana en la Nueva Espa\u00f1a\u201d en el Museo de Historia Mexicana con motivo de su 30 aniversario.<\/p>\n\n\n\n<p>C\u00e1ndida Fern\u00e1ndez de Calder\u00f3n, directora de\u00a0Fomento Cultural Banamex, A.C. destaca\u00a0 que\u00a0la realizaci\u00f3n de la exposici\u00f3n y la publicaci\u00f3n permite \u00a0valorar el arte novohispano y la comprensi\u00f3n de los procesos hist\u00f3ricos que le dieron origen, as\u00ed como el de mostrar la riqueza y la calidad pl\u00e1stica de sus creaciones, junto con el reconocimiento de sus pintores, por medio de su difusi\u00f3n y divulgaci\u00f3n en los circuitos acad\u00e9micos y expositivos, tanto nacionales como internacionales, para reiterar la importancia de su inserci\u00f3n en la historia del arte occidental.<\/p>\n\n\n\n<figure class=\"wp-block-image size-large\"><img loading=\"lazy\" decoding=\"async\" width=\"1024\" height=\"496\" src=\"https:\/\/diariodigitalmx.com\/wp-content\/uploads\/2025\/02\/IMG-20250204-WA0198-1024x496.jpg\" alt=\"\" class=\"wp-image-130677\" srcset=\"https:\/\/diariodigitalmx.com\/wp-content\/uploads\/2025\/02\/IMG-20250204-WA0198-1024x496.jpg 1024w, https:\/\/diariodigitalmx.com\/wp-content\/uploads\/2025\/02\/IMG-20250204-WA0198-300x145.jpg 300w, https:\/\/diariodigitalmx.com\/wp-content\/uploads\/2025\/02\/IMG-20250204-WA0198-768x372.jpg 768w, https:\/\/diariodigitalmx.com\/wp-content\/uploads\/2025\/02\/IMG-20250204-WA0198-1536x744.jpg 1536w, https:\/\/diariodigitalmx.com\/wp-content\/uploads\/2025\/02\/IMG-20250204-WA0198.jpg 1600w\" sizes=\"(max-width: 1024px) 100vw, 1024px\" \/><\/figure>\n\n\n\n<p>En la&nbsp;publicaci\u00f3n se dan a conocer algunas de las estrategias art\u00edsticas desarrolladas por los pintores novohispanos de los siglos XVII y XVIII y que aplicaron a la representaci\u00f3n de asuntos profanos, es decir, aquellos que no refieren al \u00e1mbito de lo sagrado.<\/p>\n\n\n\n<p>\u201cLas piezas se entrelazan en dos temas principales: los biombos \u2013 mobiliario de generoso tama\u00f1o, formado por m\u00faltiples hojas plegables y unidas por bisagras y en cuya superficie los pintores de la Nueva Espa\u00f1a plasmaron historia, mitolog\u00eda y asuntos sobre su cotidianeidad\u2013 y las pinturas de castas, obras destinadas a la representaci\u00f3n de las posibles mezclas \u00e9tnicas que compon\u00edan la variopinta sociedad novohispana\u201d, se\u00f1ala.<\/p>\n\n\n\n<p>La presentaci\u00f3n del cat\u00e1logo \u201cBiombos y Castas. Pintura profana en la Nueva Espa\u00f1a\u201d a&nbsp;cargo de C\u00e1ndida Fern\u00e1ndez y Andr\u00e9s Calder\u00f3n, ser\u00e1 este jueves 6 de febrero a las 19:30 horas en el auditorio del museo, la entrada es libre y el cupo limitado. M\u00e1s informaci\u00f3n&nbsp;<a href=\"http:\/\/www.3museos.com\/\" target=\"_blank\" rel=\"noreferrer noopener\">www.3museos.com<\/a><\/p>\n","protected":false},"excerpt":{"rendered":"<p>Monterrey. &#8211; Museo de Historia Mexicana y Banco Nacional de M\u00e9xico, a trav\u00e9s de Fomento Cultural Banamex, A.C. invitan a la presentaci\u00f3n del cat\u00e1logo \u201cBiombos y Castas. Pintura profana en la Nueva Espa\u00f1a\u201d&nbsp;a&nbsp;cargo de C\u00e1ndida Fern\u00e1ndez y Andr\u00e9s Calder\u00f3n, el jueves 6 de febrero a las 19:30 horas en el auditorio del museo. La publicaci\u00f3n [&hellip;]<\/p>\n","protected":false},"author":1,"featured_media":130676,"comment_status":"open","ping_status":"open","sticky":true,"template":"","format":"standard","meta":{"footnotes":""},"categories":[11,14],"tags":[],"_links":{"self":[{"href":"https:\/\/diariodigitalmx.com\/index.php\/wp-json\/wp\/v2\/posts\/130674"}],"collection":[{"href":"https:\/\/diariodigitalmx.com\/index.php\/wp-json\/wp\/v2\/posts"}],"about":[{"href":"https:\/\/diariodigitalmx.com\/index.php\/wp-json\/wp\/v2\/types\/post"}],"author":[{"embeddable":true,"href":"https:\/\/diariodigitalmx.com\/index.php\/wp-json\/wp\/v2\/users\/1"}],"replies":[{"embeddable":true,"href":"https:\/\/diariodigitalmx.com\/index.php\/wp-json\/wp\/v2\/comments?post=130674"}],"version-history":[{"count":2,"href":"https:\/\/diariodigitalmx.com\/index.php\/wp-json\/wp\/v2\/posts\/130674\/revisions"}],"predecessor-version":[{"id":130678,"href":"https:\/\/diariodigitalmx.com\/index.php\/wp-json\/wp\/v2\/posts\/130674\/revisions\/130678"}],"wp:featuredmedia":[{"embeddable":true,"href":"https:\/\/diariodigitalmx.com\/index.php\/wp-json\/wp\/v2\/media\/130676"}],"wp:attachment":[{"href":"https:\/\/diariodigitalmx.com\/index.php\/wp-json\/wp\/v2\/media?parent=130674"}],"wp:term":[{"taxonomy":"category","embeddable":true,"href":"https:\/\/diariodigitalmx.com\/index.php\/wp-json\/wp\/v2\/categories?post=130674"},{"taxonomy":"post_tag","embeddable":true,"href":"https:\/\/diariodigitalmx.com\/index.php\/wp-json\/wp\/v2\/tags?post=130674"}],"curies":[{"name":"wp","href":"https:\/\/api.w.org\/{rel}","templated":true}]}}