{"id":130698,"date":"2025-02-05T23:14:57","date_gmt":"2025-02-06T05:14:57","guid":{"rendered":"https:\/\/diariodigitalmx.com\/?p=130698"},"modified":"2025-02-05T23:37:55","modified_gmt":"2025-02-06T05:37:55","slug":"conmemoran-dia-de-la-constitucion","status":"publish","type":"post","link":"https:\/\/diariodigitalmx.com\/index.php\/2025\/02\/05\/conmemoran-dia-de-la-constitucion\/","title":{"rendered":"Conmemoran D\u00eda de la Constituci\u00f3n"},"content":{"rendered":"\n<p>Para conmemorar el D\u00eda de la Constituci\u00f3n, el Congreso de Nuevo Le\u00f3n v\u00eda la Comisi\u00f3n Especial para la Conmemoraci\u00f3n del Bicentenario para la Constitucionalidad realiz\u00f3 una guardia de honor y un homenaje a los diputados constituyentes.<\/p>\n\n\n\n<p>El diputado H\u00e9ctor Morales Rivera, presidente de la Comisi\u00f3n Especial para la Conmemoraci\u00f3n del Bicentenario para la Constitucionalidad destac\u00f3 que conmemorar la promulgaci\u00f3n de las Constituciones Pol\u00edticas Mexicanas, de 1857 y 1917, permite reconocer que su esencia fue consecuencia y respuesta a muchos a\u00f1os de inestabilidad, a\u00f1os de lucha, de enfrentamientos armados e ideol\u00f3gicos.<\/p>\n\n\n\n<p>\u201cTambi\u00e9n hubo aportaciones normativas valiosas que a partir del M\u00e9xico independiente buscaron garantizar la plena libertad y seguridad de todos los mexicanos. Ejemplo de esto es: la soberan\u00eda nacional, derechos humanos fundamentales, divisi\u00f3n de poderes y la democracia representativa\u201d, resalt\u00f3.<\/p>\n\n\n\n<p>\u201cUna Constituci\u00f3n viviente es una constituci\u00f3n que evoluciona, que cambia con el paso del tiempo y que se adapta a las nuevas circunstancias. As\u00ed, la nuestra es sin duda, una Constituci\u00f3n viviente que sigue siendo s\u00edntesis de las voluntades, aspiraciones y anhelos compartidos entre millones de mexicanos y mexicanas\u201d, a\u00f1adi\u00f3.<\/p>\n\n\n\n<p>Morales Rivera manifest\u00f3 que es deber de todos los ciudadanos garantizar que la Constituci\u00f3n siga respondiendo al supremo inter\u00e9s de la sociedad mexicana.<\/p>\n\n\n\n<p>\u201cEn el marco del Bicentenario de la Constitucionalidad en Nuevo Le\u00f3n, el Congreso del Estado recuerda hoy a quienes nos representaron en las jornadas constituyentes federales y que nos legaron nuestras constituciones de 1857 y 1917, carta magna de la cual hoy conmemoramos el 108 aniversario desde el d\u00eda de su promulgaci\u00f3n\u201d, refiri\u00f3 Morales Rivera.<\/p>\n\n\n\n<p>Al finalizar el evento los legisladores realizaron una guardia de honor.<\/p>\n","protected":false},"excerpt":{"rendered":"<p>Para conmemorar el D\u00eda de la Constituci\u00f3n, el Congreso de Nuevo Le\u00f3n v\u00eda la Comisi\u00f3n Especial para la Conmemoraci\u00f3n del Bicentenario para la Constitucionalidad realiz\u00f3 una guardia de honor y un homenaje a los diputados constituyentes. El diputado H\u00e9ctor Morales Rivera, presidente de la Comisi\u00f3n Especial para la Conmemoraci\u00f3n del Bicentenario para la Constitucionalidad destac\u00f3 [&hellip;]<\/p>\n","protected":false},"author":1,"featured_media":130724,"comment_status":"open","ping_status":"open","sticky":true,"template":"","format":"standard","meta":{"footnotes":""},"categories":[11,14],"tags":[],"_links":{"self":[{"href":"https:\/\/diariodigitalmx.com\/index.php\/wp-json\/wp\/v2\/posts\/130698"}],"collection":[{"href":"https:\/\/diariodigitalmx.com\/index.php\/wp-json\/wp\/v2\/posts"}],"about":[{"href":"https:\/\/diariodigitalmx.com\/index.php\/wp-json\/wp\/v2\/types\/post"}],"author":[{"embeddable":true,"href":"https:\/\/diariodigitalmx.com\/index.php\/wp-json\/wp\/v2\/users\/1"}],"replies":[{"embeddable":true,"href":"https:\/\/diariodigitalmx.com\/index.php\/wp-json\/wp\/v2\/comments?post=130698"}],"version-history":[{"count":1,"href":"https:\/\/diariodigitalmx.com\/index.php\/wp-json\/wp\/v2\/posts\/130698\/revisions"}],"predecessor-version":[{"id":130699,"href":"https:\/\/diariodigitalmx.com\/index.php\/wp-json\/wp\/v2\/posts\/130698\/revisions\/130699"}],"wp:featuredmedia":[{"embeddable":true,"href":"https:\/\/diariodigitalmx.com\/index.php\/wp-json\/wp\/v2\/media\/130724"}],"wp:attachment":[{"href":"https:\/\/diariodigitalmx.com\/index.php\/wp-json\/wp\/v2\/media?parent=130698"}],"wp:term":[{"taxonomy":"category","embeddable":true,"href":"https:\/\/diariodigitalmx.com\/index.php\/wp-json\/wp\/v2\/categories?post=130698"},{"taxonomy":"post_tag","embeddable":true,"href":"https:\/\/diariodigitalmx.com\/index.php\/wp-json\/wp\/v2\/tags?post=130698"}],"curies":[{"name":"wp","href":"https:\/\/api.w.org\/{rel}","templated":true}]}}